{"id":11191,"date":"2019-06-07T18:07:02","date_gmt":"2019-06-07T21:07:02","guid":{"rendered":"https:\/\/www.atecordoba.org\/?p=11191"},"modified":"2019-06-07T18:07:02","modified_gmt":"2019-06-07T21:07:02","slug":"definitivojusticia-reconoce-a-ricardo-peidro-como-secretario-general-de-cta-a","status":"publish","type":"post","link":"https:\/\/atecordoba.org\/?p=11191","title":{"rendered":"Definitivo:Justicia reconoce a Ricardo Peidro como secretario general de CTA A"},"content":{"rendered":"\n<p><em>El fallo otorga legalidad a la legitimidad que ya hab\u00edan depositado en las urnas m\u00e1s de 240 mil trabajadore\/as que votaron en todo el pa\u00eds <\/em><\/p>\n\n\n\n<figure class=\"wp-block-image\"><img decoding=\"async\" src=\"https:\/\/www.atecordoba.org\/wp-content\/uploads\/2019\/06\/peidro-godoy-baigorria.jpg\" alt=\"\" class=\"wp-image-11192\"\/><\/figure>\n\n\n\n<p>A trav\u00e9s de una Sentencia Definitiva, la C\u00e1mara Nacional de Apelaciones del Trabajo convalid\u00f3 las elecciones del pasado 8 de agosto que dieron como ganadores a la Conducci\u00f3n Nacional encabezada por Ricardo Peidro, Hugo \u201cCachorro\u201d Godoy y Claudia Baigorria.<\/p>\n\n\n\n<p>Este fallo otorga legalidad a la legitimidad que ya hab\u00edan depositado en las urnas los y las m\u00e1s de 240 mil trabajadores y trabajadoras que votaron a lo largo de todo el pa\u00eds.<\/p>\n\n\n\n<p>De esta manera, Pablo Micheli, quien se adjudicaba la Conducci\u00f3n de la Central, ya no cuenta con ning\u00fan tipo de herramienta jur\u00eddica para revertir esta resoluci\u00f3n del Tribunal.<\/p>\n\n\n\n<p>Para leer la sentencia descargar el PDF adjunto<\/p>\n\n\n\n<div class=\"wp-block-file\"><a href=\"https:\/\/www.atecordoba.org\/wp-content\/uploads\/2019\/06\/Sentencia-CTA-A-1.pdf\">Sentencia C\u00e1mara Nacional del Trabajo<\/a><a href=\"https:\/\/www.atecordoba.org\/wp-content\/uploads\/2019\/06\/Sentencia-CTA-A-1.pdf\" class=\"wp-block-file__button\" download>Descarga<\/a><\/div>\n\n\n\n<p><\/p>\n","protected":false},"excerpt":{"rendered":"<p>El fallo otorga legalidad a la legitimidad que ya hab\u00edan depositado en las urnas m\u00e1s de 240 mil trabajadore\/as que votaron en todo el pa\u00eds A trav\u00e9s de una Sentencia Definitiva, la C\u00e1mara Nacional de Apelaciones del Trabajo convalid\u00f3 las elecciones del pasado 8 de agosto que dieron como ganadores a la Conducci\u00f3n Nacional encabezada [&hellip;]<\/p>\n","protected":false},"author":1,"featured_media":19220,"comment_status":"open","ping_status":"open","sticky":false,"template":"","format":"standard","meta":{"_exactmetrics_skip_tracking":false,"_exactmetrics_sitenote_active":false,"_exactmetrics_sitenote_note":"","_exactmetrics_sitenote_category":0,"jnews-multi-image_gallery":[],"jnews_single_post":[],"jnews_primary_category":[],"jnews_social_meta":[],"jnews_review":[],"enable_review":"","type":"","name":"","summary":"","brand":"","sku":"","good":[],"bad":[],"score_override":"","override_value":"","rating":[],"price":[],"jnews_override_counter":[],"jnews_post_split":[],"footnotes":""},"categories":[1],"tags":[],"class_list":["post-11191","post","type-post","status-publish","format-standard","has-post-thumbnail","hentry","category-sin-categoria"],"jetpack_featured_media_url":"https:\/\/atecordoba.org\/wp-content\/uploads\/2020\/05\/logo-nuevochico-e1561581322808.png","_links":{"self":[{"href":"https:\/\/atecordoba.org\/index.php?rest_route=\/wp\/v2\/posts\/11191","targetHints":{"allow":["GET"]}}],"collection":[{"href":"https:\/\/atecordoba.org\/index.php?rest_route=\/wp\/v2\/posts"}],"about":[{"href":"https:\/\/atecordoba.org\/index.php?rest_route=\/wp\/v2\/types\/post"}],"author":[{"embeddable":true,"href":"https:\/\/atecordoba.org\/index.php?rest_route=\/wp\/v2\/users\/1"}],"replies":[{"embeddable":true,"href":"https:\/\/atecordoba.org\/index.php?rest_route=%2Fwp%2Fv2%2Fcomments&post=11191"}],"version-history":[{"count":0,"href":"https:\/\/atecordoba.org\/index.php?rest_route=\/wp\/v2\/posts\/11191\/revisions"}],"wp:featuredmedia":[{"embeddable":true,"href":"https:\/\/atecordoba.org\/index.php?rest_route=\/wp\/v2\/media\/19220"}],"wp:attachment":[{"href":"https:\/\/atecordoba.org\/index.php?rest_route=%2Fwp%2Fv2%2Fmedia&parent=11191"}],"wp:term":[{"taxonomy":"category","embeddable":true,"href":"https:\/\/atecordoba.org\/index.php?rest_route=%2Fwp%2Fv2%2Fcategories&post=11191"},{"taxonomy":"post_tag","embeddable":true,"href":"https:\/\/atecordoba.org\/index.php?rest_route=%2Fwp%2Fv2%2Ftags&post=11191"}],"curies":[{"name":"wp","href":"https:\/\/api.w.org\/{rel}","templated":true}]}}