{"id":11185,"date":"2019-06-05T15:06:25","date_gmt":"2019-06-05T18:06:25","guid":{"rendered":"https:\/\/www.atecordoba.org\/?p=11185"},"modified":"2019-06-05T15:06:25","modified_gmt":"2019-06-05T18:06:25","slug":"ate-dessembarca-en-mendiolaza-para-representar-a-los-municipales","status":"publish","type":"post","link":"https:\/\/atecordoba.org\/?p=11185","title":{"rendered":"ATE desembarc\u00f3 en Mendiolaza para representar a los municipales"},"content":{"rendered":"\n<p><em>En una reuni\u00f3n realizada con el intendente de la localidad serrana, ATE inform\u00f3 sobre la cantidad de afiliaciones que registra en la Municipalidad e inici\u00f3 el tr\u00e1mite para la comenzar la representaci\u00f3n de los trabajadores en el sector.<\/em><\/p>\n\n\n\n<figure class=\"wp-block-image\"><img decoding=\"async\" src=\"https:\/\/www.atecordoba.org\/wp-content\/uploads\/2019\/06\/WhatsApp-Image-2019-06-05-at-11.21.31-1024x498.jpeg\" alt=\"\" class=\"wp-image-11186\"\/><figcaption>El intendente Salibi recibi\u00f3 en su despacho al secretario de Interior del CDP, Alejandro Murua.<\/figcaption><\/figure>\n\n\n\n<p>La reuni\u00f3n se llev\u00f3 a cabo esta ma\u00f1ana entre el secretario de Interior del CDP, Alejandro Murua, y el intendente de Mendiolaza, Daniel Salibi, que muy cordialmente recibi\u00f3 toda la documentaci\u00f3n necesaria para iniciar formalmente la representaci\u00f3n de los municipales de la ciudad.<\/p>\n\n\n\n<p>As\u00ed ATE cumple con el compromiso asumido con los compa\u00f1eros municipales que convocaron a nuestro gremio para generar una alternativa  a la representaci\u00f3n existente. <\/p>\n\n\n\n<p>Tras algunas reuniones ya se hab\u00edan afiliado compa\u00f1eras del cuerpo administrativo municipal. <\/p>\n\n\n\n<p>En reuni\u00f3n con el intendente se inform\u00f3 de las resoluciones sdministrativas y judiciales del \u00e1mbito nacional que dan sustento al \u00e1mbito de actuaci\u00f3n de ATE en los municipios cordobeses. Por su parte Salibi expres\u00f3 su benepl\u00e1cito y augur\u00f3 un buen di\u00e1logo con la nueva representaci\u00f3n sindical. &#8220;Desde ATE planteamos que el nuestro no es un gremio mutualista, que nosotros estamos por la defensa de los derechos de los trabajadores, la capacitaci\u00f3n y el desarrollo del compa\u00f1ero, apuntando a las condiciones de trabajo y salariales&#8221;, explic\u00f3 Mur\u00faa al finalizar la reuni\u00f3n. <\/p>\n\n\n\n<figure class=\"wp-block-image\"><img decoding=\"async\" src=\"https:\/\/www.atecordoba.org\/wp-content\/uploads\/2019\/06\/WhatsApp-Image-2019-06-05-at-11.21.32-1024x498.jpeg\" alt=\"\" class=\"wp-image-11187\"\/><figcaption>Nuevos afiliados de ATE. <\/figcaption><\/figure>\n\n\n\n<p>Y agreg\u00f3: &#8220;vale se\u00f1alar que los propios trabajadores le expresaron al intendente que ATE es una alternativa v\u00e1lida porque no venimos a apropiarnos del sueldo de los compa\u00f1eros, a diferencia de otros gremios que le confiscan su salario&#8221;. <\/p>\n\n\n\n<p>Qued\u00f3 previsto que ATE informe cuando se llevar\u00e1n a cabo las elecciones de delegados correspondientes, en tanto los asesores legales de la Municipalidad realizar\u00e1 el dictamen sobre la documentaci\u00f3n presentada por el secretario de Interior.  <\/p>\n\n\n\n<p>&#8220;M\u00e1s all\u00e1 &nbsp;de la situaci\u00f3n que atraviesa nuestro gremio con la renovaci\u00f3n de la conducci\u00f3n, estamos atendiendo los requerimientos de los compa\u00f1eros de todo el territorio provincial donde se reclama la presencia de ATE,  dejando claro que trabajamos por un sindicato de puertas abiertas&#8221;, finaliz\u00f3 Murua.<\/p>\n","protected":false},"excerpt":{"rendered":"<p>En una reuni\u00f3n realizada con el intendente de la localidad serrana, ATE inform\u00f3 sobre la cantidad de afiliaciones que registra en la Municipalidad e inici\u00f3 el tr\u00e1mite para la comenzar la representaci\u00f3n de los trabajadores en el sector. La reuni\u00f3n se llev\u00f3 a cabo esta ma\u00f1ana entre el secretario de Interior del CDP, Alejandro Murua, [&hellip;]<\/p>\n","protected":false},"author":1,"featured_media":19220,"comment_status":"open","ping_status":"open","sticky":false,"template":"","format":"standard","meta":{"_exactmetrics_skip_tracking":false,"_exactmetrics_sitenote_active":false,"_exactmetrics_sitenote_note":"","_exactmetrics_sitenote_category":0,"jnews-multi-image_gallery":[],"jnews_single_post":[],"jnews_primary_category":[],"jnews_social_meta":[],"jnews_review":[],"enable_review":"","type":"","name":"","summary":"","brand":"","sku":"","good":[],"bad":[],"score_override":"","override_value":"","rating":[],"price":[],"jnews_override_counter":[],"jnews_post_split":[],"footnotes":""},"categories":[1],"tags":[],"class_list":["post-11185","post","type-post","status-publish","format-standard","has-post-thumbnail","hentry","category-sin-categoria"],"jetpack_featured_media_url":"https:\/\/atecordoba.org\/wp-content\/uploads\/2020\/05\/logo-nuevochico-e1561581322808.png","_links":{"self":[{"href":"https:\/\/atecordoba.org\/index.php?rest_route=\/wp\/v2\/posts\/11185","targetHints":{"allow":["GET"]}}],"collection":[{"href":"https:\/\/atecordoba.org\/index.php?rest_route=\/wp\/v2\/posts"}],"about":[{"href":"https:\/\/atecordoba.org\/index.php?rest_route=\/wp\/v2\/types\/post"}],"author":[{"embeddable":true,"href":"https:\/\/atecordoba.org\/index.php?rest_route=\/wp\/v2\/users\/1"}],"replies":[{"embeddable":true,"href":"https:\/\/atecordoba.org\/index.php?rest_route=%2Fwp%2Fv2%2Fcomments&post=11185"}],"version-history":[{"count":0,"href":"https:\/\/atecordoba.org\/index.php?rest_route=\/wp\/v2\/posts\/11185\/revisions"}],"wp:featuredmedia":[{"embeddable":true,"href":"https:\/\/atecordoba.org\/index.php?rest_route=\/wp\/v2\/media\/19220"}],"wp:attachment":[{"href":"https:\/\/atecordoba.org\/index.php?rest_route=%2Fwp%2Fv2%2Fmedia&parent=11185"}],"wp:term":[{"taxonomy":"category","embeddable":true,"href":"https:\/\/atecordoba.org\/index.php?rest_route=%2Fwp%2Fv2%2Fcategories&post=11185"},{"taxonomy":"post_tag","embeddable":true,"href":"https:\/\/atecordoba.org\/index.php?rest_route=%2Fwp%2Fv2%2Ftags&post=11185"}],"curies":[{"name":"wp","href":"https:\/\/api.w.org\/{rel}","templated":true}]}}