{"id":11178,"date":"2019-06-05T12:38:35","date_gmt":"2019-06-05T15:38:35","guid":{"rendered":"https:\/\/www.atecordoba.org\/?p=11178"},"modified":"2019-06-05T12:38:35","modified_gmt":"2019-06-05T15:38:35","slug":"los-dirigentes-de-ate-godoy-fuentes-y-de-gennaro-fueron-absueltos-ante-una-denuncia-sin-fundamento-de-quintriqueo","status":"publish","type":"post","link":"https:\/\/atecordoba.org\/?p=11178","title":{"rendered":"Los dirigentes de ATE Godoy, Fuentes y De Gennaro fueron absueltos ante una denuncia sin fundamento de Quintriqueo"},"content":{"rendered":"\n<p><em>La Justicia resolvi\u00f3 a favor de ATE en una causa iniciada por el secretario General de la provincia de Neuqu\u00e9n.<\/em><\/p>\n\n\n\n<figure class=\"wp-block-image\"><img decoding=\"async\" src=\"https:\/\/www.atecordoba.org\/wp-content\/uploads\/2019\/06\/sobreseimiento.jpg\" alt=\"\" class=\"wp-image-11179\"\/><figcaption>Estracto del fallo donde el juez interviniente descarta la denuncia de Quintriqueo.<\/figcaption><\/figure>\n\n\n\n<p>Luego de tres a\u00f1os de investigaci\u00f3n, en los cuales ATE Nacional present\u00f3 todas y cada una de las pruebas necesarias, incluyendo los libros, balances y registros originales, el Juzgado Nacional en lo Criminal y Correccional N\u00b0 30, a cargo del Dr. Santiago Vimara, resolvi\u00f3 el sobreseimiento de Hugo Godoy, Julio Fuentes y Eduardo De Gennaro, no haciendo lugar a\u00a0 una denuncia que les imputaba no enviarle\u00a0 los fondos sindicales correspondientes al General neuquino, Carlos Quintriqueo.<\/p>\n\n\n\n<p>ATE present\u00f3 todas las pruebas necesarias y propuso la intervenci\u00f3n de un perito oficial, designado por la Corte Suprema, quien analiz\u00f3 todos y cada uno de los libros contables de nuestra organizaci\u00f3n, las facturas y los dep\u00f3sitos, tom\u00e1ndose todo el tiempo necesario &#8211; tres a\u00f1os &#8211; para dejar en claro si la denuncia ten\u00eda asidero.<\/p>\n\n\n\n<p>El resultado de la investigaci\u00f3n es contundente: no hubo ninguna irregularidad ni incorrecci\u00f3n, ni mucho menos delito alguno, habiendo actuado ATE conforme a la ley y sus propios estatutos.<\/p>\n\n\n\n<p>Es la decisi\u00f3n judicial final, obtenida luego de la intervenci\u00f3n del perito de la Corte Suprema, de la Fiscal\u00eda y del Juez interviniente.<\/p>\n\n\n\n<p>SE ADJUNTA FALLO COMPLETO<\/p>\n\n\n\n<figure class=\"wp-block-image\"><img decoding=\"async\" src=\"https:\/\/www.atecordoba.org\/wp-content\/uploads\/2019\/06\/1-quinticreo.jpg\" alt=\"\" class=\"wp-image-11180\"\/><\/figure>\n\n\n\n<figure class=\"wp-block-image\"><img decoding=\"async\" src=\"https:\/\/www.atecordoba.org\/wp-content\/uploads\/2019\/06\/2-quyinticreo.jpg\" alt=\"\" class=\"wp-image-11181\"\/><\/figure>\n\n\n\n<figure class=\"wp-block-image\"><img decoding=\"async\" src=\"https:\/\/www.atecordoba.org\/wp-content\/uploads\/2019\/06\/3-quinticreo.jpg\" alt=\"\" class=\"wp-image-11182\"\/><\/figure>\n\n\n\n<figure class=\"wp-block-image\"><img decoding=\"async\" src=\"https:\/\/www.atecordoba.org\/wp-content\/uploads\/2019\/06\/4-quinticreo.jpg\" alt=\"\" class=\"wp-image-11183\"\/><\/figure>\n","protected":false},"excerpt":{"rendered":"<p>La Justicia resolvi\u00f3 a favor de ATE en una causa iniciada por el secretario General de la provincia de Neuqu\u00e9n. Luego de tres a\u00f1os de investigaci\u00f3n, en los cuales ATE Nacional present\u00f3 todas y cada una de las pruebas necesarias, incluyendo los libros, balances y registros originales, el Juzgado Nacional en lo Criminal y Correccional [&hellip;]<\/p>\n","protected":false},"author":1,"featured_media":19220,"comment_status":"open","ping_status":"open","sticky":false,"template":"","format":"standard","meta":{"_exactmetrics_skip_tracking":false,"_exactmetrics_sitenote_active":false,"_exactmetrics_sitenote_note":"","_exactmetrics_sitenote_category":0,"jnews-multi-image_gallery":[],"jnews_single_post":[],"jnews_primary_category":[],"jnews_social_meta":[],"jnews_review":[],"enable_review":"","type":"","name":"","summary":"","brand":"","sku":"","good":[],"bad":[],"score_override":"","override_value":"","rating":[],"price":[],"jnews_override_counter":[],"jnews_post_split":[],"footnotes":""},"categories":[1],"tags":[],"class_list":["post-11178","post","type-post","status-publish","format-standard","has-post-thumbnail","hentry","category-sin-categoria"],"jetpack_featured_media_url":"https:\/\/atecordoba.org\/wp-content\/uploads\/2020\/05\/logo-nuevochico-e1561581322808.png","_links":{"self":[{"href":"https:\/\/atecordoba.org\/index.php?rest_route=\/wp\/v2\/posts\/11178","targetHints":{"allow":["GET"]}}],"collection":[{"href":"https:\/\/atecordoba.org\/index.php?rest_route=\/wp\/v2\/posts"}],"about":[{"href":"https:\/\/atecordoba.org\/index.php?rest_route=\/wp\/v2\/types\/post"}],"author":[{"embeddable":true,"href":"https:\/\/atecordoba.org\/index.php?rest_route=\/wp\/v2\/users\/1"}],"replies":[{"embeddable":true,"href":"https:\/\/atecordoba.org\/index.php?rest_route=%2Fwp%2Fv2%2Fcomments&post=11178"}],"version-history":[{"count":0,"href":"https:\/\/atecordoba.org\/index.php?rest_route=\/wp\/v2\/posts\/11178\/revisions"}],"wp:featuredmedia":[{"embeddable":true,"href":"https:\/\/atecordoba.org\/index.php?rest_route=\/wp\/v2\/media\/19220"}],"wp:attachment":[{"href":"https:\/\/atecordoba.org\/index.php?rest_route=%2Fwp%2Fv2%2Fmedia&parent=11178"}],"wp:term":[{"taxonomy":"category","embeddable":true,"href":"https:\/\/atecordoba.org\/index.php?rest_route=%2Fwp%2Fv2%2Fcategories&post=11178"},{"taxonomy":"post_tag","embeddable":true,"href":"https:\/\/atecordoba.org\/index.php?rest_route=%2Fwp%2Fv2%2Ftags&post=11178"}],"curies":[{"name":"wp","href":"https:\/\/api.w.org\/{rel}","templated":true}]}}