{"id":11175,"date":"2019-06-05T12:22:06","date_gmt":"2019-06-05T15:22:06","guid":{"rendered":"https:\/\/www.atecordoba.org\/?p=11175"},"modified":"2019-06-05T12:22:06","modified_gmt":"2019-06-05T15:22:06","slug":"generos-conversatorio-sobre-las-mujeres-y-el-cordobazo","status":"publish","type":"post","link":"https:\/\/atecordoba.org\/?p=11175","title":{"rendered":"G\u00e9neros: conversatorio sobre las mujeres y el cordobazo"},"content":{"rendered":"\n<p><em>El espacio de G\u00e9neros del Consejo Directivo Provincial convoca a una charla abierta con la fot\u00f3grafa Bibiana Fulchieri para abordar su \u00faltimo libro &#8220;El Cordobazo de las mujeres&#8221;.<\/em><\/p>\n\n\n\n<figure class=\"wp-block-image\"><img decoding=\"async\" src=\"https:\/\/www.atecordoba.org\/wp-content\/uploads\/2019\/06\/bazofia.png\" alt=\"\" class=\"wp-image-11176\"\/><\/figure>\n\n\n\n<p>Tal como informaron desde el Espacio de G\u00e9neros, la actividad contar\u00e1 con la presencia de algunas protagonistas del libro y de la historia, junto a la autora de la obra, reconocida fot\u00f3grafa y periodista de C\u00f3rdoba. <\/p>\n\n\n\n<p>La cita es entonces el viernes 7 de junio, a las 17 horas, en la sede de ATE, Entre R\u00edos 450.<\/p>\n","protected":false},"excerpt":{"rendered":"<p>El espacio de G\u00e9neros del Consejo Directivo Provincial convoca a una charla abierta con la fot\u00f3grafa Bibiana Fulchieri para abordar su \u00faltimo libro &#8220;El Cordobazo de las mujeres&#8221;. Tal como informaron desde el Espacio de G\u00e9neros, la actividad contar\u00e1 con la presencia de algunas protagonistas del libro y de la historia, junto a la autora [&hellip;]<\/p>\n","protected":false},"author":1,"featured_media":19220,"comment_status":"open","ping_status":"open","sticky":false,"template":"","format":"standard","meta":{"_exactmetrics_skip_tracking":false,"_exactmetrics_sitenote_active":false,"_exactmetrics_sitenote_note":"","_exactmetrics_sitenote_category":0,"jnews-multi-image_gallery":[],"jnews_single_post":[],"jnews_primary_category":[],"jnews_social_meta":[],"jnews_review":[],"enable_review":"","type":"","name":"","summary":"","brand":"","sku":"","good":[],"bad":[],"score_override":"","override_value":"","rating":[],"price":[],"jnews_override_counter":[],"jnews_post_split":[],"footnotes":""},"categories":[1],"tags":[],"class_list":["post-11175","post","type-post","status-publish","format-standard","has-post-thumbnail","hentry","category-sin-categoria"],"jetpack_featured_media_url":"https:\/\/atecordoba.org\/wp-content\/uploads\/2020\/05\/logo-nuevochico-e1561581322808.png","_links":{"self":[{"href":"https:\/\/atecordoba.org\/index.php?rest_route=\/wp\/v2\/posts\/11175","targetHints":{"allow":["GET"]}}],"collection":[{"href":"https:\/\/atecordoba.org\/index.php?rest_route=\/wp\/v2\/posts"}],"about":[{"href":"https:\/\/atecordoba.org\/index.php?rest_route=\/wp\/v2\/types\/post"}],"author":[{"embeddable":true,"href":"https:\/\/atecordoba.org\/index.php?rest_route=\/wp\/v2\/users\/1"}],"replies":[{"embeddable":true,"href":"https:\/\/atecordoba.org\/index.php?rest_route=%2Fwp%2Fv2%2Fcomments&post=11175"}],"version-history":[{"count":0,"href":"https:\/\/atecordoba.org\/index.php?rest_route=\/wp\/v2\/posts\/11175\/revisions"}],"wp:featuredmedia":[{"embeddable":true,"href":"https:\/\/atecordoba.org\/index.php?rest_route=\/wp\/v2\/media\/19220"}],"wp:attachment":[{"href":"https:\/\/atecordoba.org\/index.php?rest_route=%2Fwp%2Fv2%2Fmedia&parent=11175"}],"wp:term":[{"taxonomy":"category","embeddable":true,"href":"https:\/\/atecordoba.org\/index.php?rest_route=%2Fwp%2Fv2%2Fcategories&post=11175"},{"taxonomy":"post_tag","embeddable":true,"href":"https:\/\/atecordoba.org\/index.php?rest_route=%2Fwp%2Fv2%2Ftags&post=11175"}],"curies":[{"name":"wp","href":"https:\/\/api.w.org\/{rel}","templated":true}]}}