{"id":1117,"date":"2010-09-08T04:31:31","date_gmt":"2010-09-08T07:31:31","guid":{"rendered":"http:\/\/www.atecordoba.org\/?p=1117"},"modified":"2010-09-08T04:31:31","modified_gmt":"2010-09-08T07:31:31","slug":"evitar-simplificaciones","status":"publish","type":"post","link":"https:\/\/atecordoba.org\/?p=1117","title":{"rendered":"Evitar simplificaciones"},"content":{"rendered":"<p><a href=\"http:\/\/www.atecordoba.org\/wp-content\/uploads\/2012\/07\/arton70.jpg\"><img loading=\"lazy\" decoding=\"async\" class=\"aligncenter size-full wp-image-1118\" title=\"arton70\" src=\"http:\/\/www.atecordoba.org\/wp-content\/uploads\/2012\/07\/arton70.jpg\" alt=\"\" width=\"600\" height=\"144\" \/><\/a><\/p>\n<p>&nbsp;<\/p>\n<div>\n<div dir=\"ltr\">\n<p style=\"text-align: justify;\"><strong>Comunicado referido a notas period\u00edsticas referidas a las pr\u00f3ximas elecciones internas de nuestra Central.<\/strong><\/p>\n<\/div>\n<\/div>\n<div>\n<div dir=\"ltr\">\n<p style=\"text-align: justify;\">En relaci\u00f3n a los comentarios period\u00edsticos que circulan en C\u00f3rdoba, respecto al debate interno en la CTA, desde la Agrupaci\u00f3n Germ\u00e1n Abdala nos vemos obligados a aclarar que:<\/p>\n<p style=\"text-align: justify;\">Consideramos una riesgosa simplificaci\u00f3n adjudicar las disputas internas de la CTA a factores partidarios, como los que enfrentan al Gobierno Nacional con Proyecto Sur. Nada m\u00e1s alejado de la realidad.<\/p>\n<p style=\"text-align: justify;\">Lo que realmente se encuentra en disputa es la elecci\u00f3n sobre dos modelos gremiales: el encabezado por Hugo Yasky, lista N\u00ba 10, cercano a una sociedad con la CGT, confederaci\u00f3n gremial de caracter\u00edsticas corporativas, burocr\u00e1ticas, empresariales y permanentemente oficialista, de aparatos ricos y trabajadores pobres; y el que lleva como candidato a Pablo Micheli en la lista N\u00ba 1, aut\u00f3nomo, que busca la unidad y el poder de la clase trabajadora, el de los dirigentes que viven como sus representados, con afiliados que elijen por voto directo y secreto a sus dirigentes, que rescata los valores de la libertad y la democracia sindical.<\/p>\n<p style=\"text-align: justify;\">Fieles a nuestras ideas fundacionales, tercamente insistimos en la unidad de los trabajadores a partir de su condici\u00f3n de clase, en una construcci\u00f3n que excede lo estrictamente gremial e integra tambi\u00e9n lo territorial y lo social.<\/p>\n<p style=\"text-align: justify;\">Nuestro estatuto, al que estamos aferrados, plantea claramente autonom\u00eda del Estado, los patrones y los partidos pol\u00edticos. En consecuencia sostenemos que, ni de los gobiernos ni de los patrones, la CTA es de los trabajadores.<\/p>\n<p style=\"text-align: justify;\">Efectivamente, el gobierno y la CGT pretenden inmiscuirse en nuestros debates internos, persiguiendo el objetivo de diluirnos y asimilarnos en sus filas. Sin embargo, vale se\u00f1alar que compa\u00f1eros afines al Gobierno Nacional apoyan la autonom\u00eda que planteamos y son candidatos en la lista N\u00ba1, Germ\u00e1n Abdala.<\/p>\n<p style=\"text-align: justify;\">Por eso Milagros Salas, como parte de los pueblos originarios que encontraron contenci\u00f3n en nuestra Central, es nuestra candidata a secretaria General en Jujuy.<\/p>\n<p style=\"text-align: justify;\">Por \u00faltimo, con 20 a\u00f1os de construcci\u00f3n de la CTA sobre nuestras espaldas, esperamos que esta disputa entre compa\u00f1eros concluya el 23 de septiembre y nos encuentre juntos, nuevamente, en la lucha por la liberaci\u00f3n nacional.<\/p>\n<p style=\"text-align: justify;\">Equipo de Comunicaci\u00f3n<\/p>\n<p style=\"text-align: justify;\">Agrupaci\u00f3n Germ\u00e1n Abdala C\u00f3rdoba<\/p>\n<p style=\"text-align: justify;\">compa\u00f1eros agregamos el link del diario La Voz del Interior al que hace referncia el comunicado\u00a0<a href=\"http:\/\/www.lavoz.com.ar\/noticias\/politica\/la-interna-de-la-cta-ya-agito-cordoba\" rel=\"nofollow\">http:\/\/www.lavoz.com.ar\/<\/a><\/p>\n<\/div>\n<\/div>\n","protected":false},"excerpt":{"rendered":"<p>&nbsp; Comunicado referido a notas period\u00edsticas referidas a las pr\u00f3ximas elecciones internas de nuestra Central. En relaci\u00f3n a los comentarios period\u00edsticos que circulan en C\u00f3rdoba, respecto al debate interno en la CTA, desde la Agrupaci\u00f3n Germ\u00e1n Abdala nos vemos obligados a aclarar que: Consideramos una riesgosa simplificaci\u00f3n adjudicar las disputas internas de la CTA a [&hellip;]<\/p>\n","protected":false},"author":1,"featured_media":19220,"comment_status":"open","ping_status":"open","sticky":false,"template":"","format":"standard","meta":{"_exactmetrics_skip_tracking":false,"_exactmetrics_sitenote_active":false,"_exactmetrics_sitenote_note":"","_exactmetrics_sitenote_category":0,"jnews-multi-image_gallery":[],"jnews_single_post":[],"jnews_primary_category":[],"jnews_social_meta":[],"jnews_review":[],"enable_review":"","type":"","name":"","summary":"","brand":"","sku":"","good":[],"bad":[],"score_override":"","override_value":"","rating":[],"price":[],"jnews_override_counter":[],"jnews_post_split":[],"footnotes":""},"categories":[8,1],"tags":[47,11,31,37],"class_list":["post-1117","post","type-post","status-publish","format-standard","has-post-thumbnail","hentry","category-provinciales","category-sin-categoria","tag-elecciones","tag-noticias-2","tag-provinciales-2","tag-sta"],"jetpack_featured_media_url":"https:\/\/atecordoba.org\/wp-content\/uploads\/2020\/05\/logo-nuevochico-e1561581322808.png","_links":{"self":[{"href":"https:\/\/atecordoba.org\/index.php?rest_route=\/wp\/v2\/posts\/1117","targetHints":{"allow":["GET"]}}],"collection":[{"href":"https:\/\/atecordoba.org\/index.php?rest_route=\/wp\/v2\/posts"}],"about":[{"href":"https:\/\/atecordoba.org\/index.php?rest_route=\/wp\/v2\/types\/post"}],"author":[{"embeddable":true,"href":"https:\/\/atecordoba.org\/index.php?rest_route=\/wp\/v2\/users\/1"}],"replies":[{"embeddable":true,"href":"https:\/\/atecordoba.org\/index.php?rest_route=%2Fwp%2Fv2%2Fcomments&post=1117"}],"version-history":[{"count":0,"href":"https:\/\/atecordoba.org\/index.php?rest_route=\/wp\/v2\/posts\/1117\/revisions"}],"wp:featuredmedia":[{"embeddable":true,"href":"https:\/\/atecordoba.org\/index.php?rest_route=\/wp\/v2\/media\/19220"}],"wp:attachment":[{"href":"https:\/\/atecordoba.org\/index.php?rest_route=%2Fwp%2Fv2%2Fmedia&parent=1117"}],"wp:term":[{"taxonomy":"category","embeddable":true,"href":"https:\/\/atecordoba.org\/index.php?rest_route=%2Fwp%2Fv2%2Fcategories&post=1117"},{"taxonomy":"post_tag","embeddable":true,"href":"https:\/\/atecordoba.org\/index.php?rest_route=%2Fwp%2Fv2%2Ftags&post=1117"}],"curies":[{"name":"wp","href":"https:\/\/api.w.org\/{rel}","templated":true}]}}