{"id":11168,"date":"2019-06-03T13:35:42","date_gmt":"2019-06-03T16:35:42","guid":{"rendered":"https:\/\/www.atecordoba.org\/?p=11168"},"modified":"2019-06-03T13:35:42","modified_gmt":"2019-06-03T16:35:42","slug":"municipales-acuerdo-salarial-del-30-y-clausula-gatillo-en-salsacate-y-los-talares","status":"publish","type":"post","link":"https:\/\/atecordoba.org\/?p=11168","title":{"rendered":"Municipales: acuerdo salarial del 30% y cl\u00e1usula gatillo en Salsacate y Los Talares"},"content":{"rendered":"\n<p><em>La Secretaria de Interior del CDP sell\u00f3 un acuerdo con los intendentes de ambas localidades del Valle de Traslasierra. Adem\u00e1s Los Talares reactiv\u00f3 el pago de la cotizaci\u00f3n que ten\u00eda congelado desde 2015.<\/em><\/p>\n\n\n\n<figure class=\"wp-block-image\"><img decoding=\"async\" src=\"https:\/\/www.atecordoba.org\/wp-content\/uploads\/2019\/06\/42_MUNICIPALES-SALSACATE-1-1024x768.jpg\" alt=\"\" class=\"wp-image-11170\"\/><figcaption>Afiliados y delegados de ATE en Salsacate (archivo)<\/figcaption><\/figure>\n\n\n<p><span style=\"font-size: 11.0pt;\">A partir de la activaci\u00f3n de las mesas de discusi\u00f3n salarial en los diversos municipios de la provincia donde ATE cuenta con representaci\u00f3n gremial, el viernes pasado el secretario de Interior Alejandro Mur\u00faa firm\u00f3 un acuerdo con los ejecutivos de Salsacate y Los Talares.<\/span><\/p>\n<p><span style=\"font-size: 11.0pt;\">La pauta salarial acordada es del 30% para el 2019, a pagar el tres cuotas: 10% retroactivo a febrero -a pagar con el sueldo de junio-, 10% en junio y otro 10% en septiembre.<\/span><\/p>\n<p><span style=\"font-size: 11pt;\">As\u00ed tambi\u00e9n, el acuerdo incluy\u00f3 una cl\u00e1usula gatillo de revisi\u00f3n de la inflaci\u00f3n en diciembre para cubrir una diferencia en el caso que la inflaci\u00f3n, como est\u00e1 previsto, supere el 30% conforme los \u00edndices del Indec. Esta cl\u00e1usula se aplicar\u00e1 con los haberes de diciembre y tendr\u00e1 impacto tambi\u00e9n en el medio aguinaldo.<\/span><\/p>\n<p><!-- \/wp:post-content --><!-- wp:paragraph --><\/p>\n<p><span style=\"font-size: 11.0pt;\">El acuerdo con ambos municipios suma mejoras en las condiciones laborales como la provisi\u00f3n de ropa de trabajo, tanto para el personal de maestranza y servicios generales, el hospital municipal y de administraci\u00f3n. <\/span><\/p>\n<p><!-- \/wp:paragraph --><!-- wp:paragraph --><\/p>\n<p><span style=\"font-size: 11.0pt;\">&#8220;Sabemos que incluso es necesaria una recomposici\u00f3n por encima del 30%, dada la escalada inflacionaria, pero este es un acuerdo que fija un piso de ingresos importante para los municipales de ambas localidades, para empezar a recomponer salarios que est\u00e1n muy deprimidos. Despu\u00e9s queda la cl\u00e1usula gatillo para equiparar la inflaci\u00f3n. Los compa\u00f1eros pueden quedarse tranquilos que ATE est\u00e1 trabajando para atender el poder adquisitivo del salario&#8221;, resumi\u00f3 Mur\u00faa. <\/span><\/p>\n<p><!-- \/wp:paragraph --><!-- wp:paragraph --><\/p>\n<p><span style=\"font-size: 11.0pt;\">Vale se\u00f1alar que a partir de este mes ATE pas\u00f3 a ser el gremio mayoritario en Salsacate, con la incorporaci\u00f3n de m\u00e1s afiliaciones y as\u00ed fue informado al intendente Jos\u00e9 Figueroa.<\/span><\/p>\n<p><!-- \/wp:paragraph --><!-- wp:paragraph --><\/p>\n<p><strong><span style=\"font-size: 11.0pt;\">Cotizaci\u00f3n de Los Talares<\/span><\/strong><\/p>\n<p><!-- \/wp:paragraph --><!-- wp:paragraph --><\/p>\n<p><span style=\"font-size: 11.0pt;\">A su vez, la Secretaria de Interior acord\u00f3 con los representantes legales de la comuna de Los Talares la devoluci\u00f3n del c\u00f3digo de descuento para abonar la cotizaci\u00f3n mensual de nuestros afiliados, que hab\u00eda sido cortada de manera unilateral en 2015. <\/span><\/p>\n<p><!-- \/wp:paragraph --><!-- wp:paragraph --><\/p>\n<p><span style=\"font-size: 11.0pt;\">Adem\u00e1s de pagar como corresponde todos los meses, a partir de junio de este a\u00f1o, Los Talares reconoce tambi\u00e9n la deuda acumulada durante los cuatro a\u00f1os y se comprometi\u00f3 a pagarla en tres cuotas. <\/span><\/p>\n<p><!-- \/wp:paragraph --><!-- wp:paragraph --><\/p>\n<p><span style=\"font-size: 11.0pt;\">De esta forma se regulariza la relaci\u00f3n entre nuestro gremio y la patronal, en la figura de la jefa comunal, Nicolaza Dom\u00ednguez.<\/span><\/p>\n<p><!-- \/wp:paragraph --><\/p>\n<p><!--EndFragment--><\/p>","protected":false},"excerpt":{"rendered":"<p>La Secretaria de Interior del CDP sell\u00f3 un acuerdo con los intendentes de ambas localidades del Valle de Traslasierra. Adem\u00e1s Los Talares reactiv\u00f3 el pago de la cotizaci\u00f3n que ten\u00eda congelado desde 2015. A partir de la activaci\u00f3n de las mesas de discusi\u00f3n salarial en los diversos municipios de la provincia donde ATE cuenta con [&hellip;]<\/p>\n","protected":false},"author":1,"featured_media":19220,"comment_status":"open","ping_status":"open","sticky":false,"template":"","format":"standard","meta":{"_exactmetrics_skip_tracking":false,"_exactmetrics_sitenote_active":false,"_exactmetrics_sitenote_note":"","_exactmetrics_sitenote_category":0,"jnews-multi-image_gallery":[],"jnews_single_post":[],"jnews_primary_category":[],"jnews_social_meta":[],"jnews_review":[],"enable_review":"","type":"","name":"","summary":"","brand":"","sku":"","good":[],"bad":[],"score_override":"","override_value":"","rating":[],"price":[],"jnews_override_counter":[],"jnews_post_split":[],"footnotes":""},"categories":[1],"tags":[],"class_list":["post-11168","post","type-post","status-publish","format-standard","has-post-thumbnail","hentry","category-sin-categoria"],"jetpack_featured_media_url":"https:\/\/atecordoba.org\/wp-content\/uploads\/2020\/05\/logo-nuevochico-e1561581322808.png","_links":{"self":[{"href":"https:\/\/atecordoba.org\/index.php?rest_route=\/wp\/v2\/posts\/11168","targetHints":{"allow":["GET"]}}],"collection":[{"href":"https:\/\/atecordoba.org\/index.php?rest_route=\/wp\/v2\/posts"}],"about":[{"href":"https:\/\/atecordoba.org\/index.php?rest_route=\/wp\/v2\/types\/post"}],"author":[{"embeddable":true,"href":"https:\/\/atecordoba.org\/index.php?rest_route=\/wp\/v2\/users\/1"}],"replies":[{"embeddable":true,"href":"https:\/\/atecordoba.org\/index.php?rest_route=%2Fwp%2Fv2%2Fcomments&post=11168"}],"version-history":[{"count":0,"href":"https:\/\/atecordoba.org\/index.php?rest_route=\/wp\/v2\/posts\/11168\/revisions"}],"wp:featuredmedia":[{"embeddable":true,"href":"https:\/\/atecordoba.org\/index.php?rest_route=\/wp\/v2\/media\/19220"}],"wp:attachment":[{"href":"https:\/\/atecordoba.org\/index.php?rest_route=%2Fwp%2Fv2%2Fmedia&parent=11168"}],"wp:term":[{"taxonomy":"category","embeddable":true,"href":"https:\/\/atecordoba.org\/index.php?rest_route=%2Fwp%2Fv2%2Fcategories&post=11168"},{"taxonomy":"post_tag","embeddable":true,"href":"https:\/\/atecordoba.org\/index.php?rest_route=%2Fwp%2Fv2%2Ftags&post=11168"}],"curies":[{"name":"wp","href":"https:\/\/api.w.org\/{rel}","templated":true}]}}