{"id":11160,"date":"2019-05-28T12:38:58","date_gmt":"2019-05-28T15:38:58","guid":{"rendered":"https:\/\/www.atecordoba.org\/?p=11160"},"modified":"2020-06-01T16:34:59","modified_gmt":"2020-06-01T19:34:59","slug":"formacion-en-curso-vitual-posgrado-de-clacso-en-salud-y-soberania-sanitaria","status":"publish","type":"post","link":"https:\/\/atecordoba.org\/?p=11160","title":{"rendered":"Curso virtual: posgrado de Clacso en salud y soberan\u00eda sanitaria"},"content":{"rendered":"\r\n<p><em>Junto a un equipo de docentes internacional, el Idep Salud de ATE invita a los afiliados a participar del posgrado en &#8216;Salud Internacional Sur-Sur y Soberan\u00eda Sanitaria&#8217;.<\/em><\/p>\r\n\r\n\r\n\r\n<figure class=\"wp-block-image is-resized\"><img loading=\"lazy\" decoding=\"async\" class=\"wp-image-11161\" src=\"http:\/\/atecordoba.org\/wp-content\/uploads\/2020\/06\/curso-sanitario-sur-sur.jpg\" alt=\"\" width=\"593\" height=\"242\" \/>\r\n<figcaption>La soberan\u00eda sanitaria es clave para cubrir la salud de nuestros pueblos.<\/figcaption>\r\n<\/figure>\r\n\r\n\r\n\r\n<p>Hasta el 23 de julio est\u00e1n abiertas las inscripciones para participar del posgrado sobre salud internacional y soberan\u00eda sanitaria que dicta el Consejo Latinoamericano de Ciencias Sociales (Clacso). Se trata de un curso virtual (\u00edntegramente por internet) deestinado a trabajadores del sector salud.<\/p>\r\n\r\n\r\n\r\n<p>El enfoque se fundamenta el abordaje de la Salud Internacional Sur Sur(SISS), como un nuevo campo interdisciplinario de conocimiento, investigaci\u00f3n y acci\u00f3n en pol\u00edtica p\u00fablica que tiene sus bases fundantes en una epistemolog\u00eda y geopol\u00edtica Sur Sur y decolonial. Se ocupa de los problemas relacionados a la salud colectiva, la enfermedad y cuidado de las poblaciones como del desarrollo de sistemas y pol\u00edticas m\u00e1s all\u00e1 de las fronteras nacionales, complejizando en un an\u00e1lisis sobre los determinantes globales y dispositivos que la colonialidad del poder y el Norte global instala en nuestra agenda sanitaria.<\/p>\r\n\r\n\r\n\r\n<p>Seg\u00fan detallan los encargados de la coordinaci\u00f3n del curso &#8220;estudiamos el engranaje del eurocentrismo en sus variantes de &#8216;salud internacional panamericana&#8217; y la postmoderna &#8216;salud global&#8217; liberal, l\u00f3gicas de dependencia, poder y cosmovisi\u00f3n del sistema mundo contempor\u00e1neo. As\u00ed la necesidad de pensar lo internacional y la Salud desde el Sur no est\u00e1 exenta de disputas epistemol\u00f3gicas, metodol\u00f3gicas y geopol\u00edticas. El objetivo del curso es promover un giro decolonial y la construcci\u00f3n de soberan\u00eda sanitaria en clave latinoamericana y caribe\u00f1a.&#8221;<\/p>\r\n\r\n\r\n\r\n<p>Los ejes tem\u00e1ticos son:<br \/>1. La Ciencias Sociales y Ciencias en Salud: bases fundantes del pensamiento cr\u00edtico latinoamericano en salud.<br \/>2. La Salud como asunto internacional. Del Colonialismo sanitario, la Salud Internacional Panamericana(SIP) a la Salud Global liberal(SGI).<br \/>3. La Salud Internacional Sur-Sur: hacia un giro decolonial y epistemol\u00f3gico.<br \/>4. Agenda global de Reformas de Sistemas y Pol\u00edticas de Salud.<br \/>5. Globalizaci\u00f3n neoliberal e Impacto sanitario: de las Migraciones a la expansi\u00f3n del Complejo farmac\u00e9utico global.<br \/>6. Sistema Internacional de Cooperaci\u00f3n y Salud. Cooperaci\u00f3n Sur Sur.<br \/>7. Soberan\u00eda Sanitaria: Integraci\u00f3n y Autonom\u00eda regional.<br \/>8. Epidemiolog\u00eda Internacional,<br \/>9. Estudios Sociales de Desastres: Gesti\u00f3n Integral de Riesgos y Respuesta a Emergencias de Salud P\u00fablica.<br \/>10. Agenda y formulaci\u00f3n en pol\u00edticas de Salud Internacional Sur Sur.<\/p>\r\n\r\n\r\n\r\n<p>A su vez, los contenidos seleccionados son:<\/p>\r\n\r\n\r\n\r\n<ul class=\"wp-block-list\">\r\n<li>Biomedicina y Modelo Biom\u00e9dico hegem\u00f3nico. Ciencias Sociales y Ciencias de la Salud. Estudios Sociales en Salud. Teor\u00eda cr\u00edtica en Salud. Bases de la Medicina social latinoamericana. Salud Colectiva hoy.<\/li>\r\n<li>El devenir de la salud como asunto internacional: origen, caracter\u00edsticas y dimensiones. -La construcci\u00f3n de contra-hegemon\u00eda desde la Salud Internacional Sur Sur. Dimensiones y tesis centrales.<\/li>\r\n<li>Agenda global de reforma al Estado. Sistemas de salud. Seguridad Social. El Gerenciamiento del Riesgo Social. Modelo de Atenci\u00f3n. Financiamiento y Gesti\u00f3n<\/li>\r\n<li>El proceso de globalizaci\u00f3n y las tensiones y conflictos. Los actores del campo de la salud internacional, sector privado, filantr\u00f3pico y el sector p\u00fablico.<\/li>\r\n<li>Bases te\u00f3ricas de las Relaciones Internacionales, el sistema internacional de cooperaci\u00f3n, el r\u00e9gimen de cooperaci\u00f3n al desarrollo y la salud.<\/li>\r\n<li>Teor\u00eda de la Autonom\u00eda e Integraci\u00f3n regional. Principales tradiciones intelectuales latinoamericanas y su contribuci\u00f3n en el proceso de regionalizaci\u00f3n de pol\u00edticas p\u00fablicas, en especial en salud. Integraci\u00f3n regional y la Soberan\u00eda Sanitaria: en tanto proceso e instrumento, tensiones, desaf\u00edos, limitaciones.<\/li>\r\n<li>Devenir del campo de la Epidemiolog\u00eda, perspectivas y enfoques. Determinantes sociales de la salud y determinaci\u00f3n social de la salud. Determinaciones socioambientales de la salud-enfermedad desde una perspectiva internacional. Epidemiolog\u00eda cr\u00edtica\/social para el estudio de la Determinaci\u00f3n Internacional de la Salud. Epidemiolog\u00eda internacional como campo de acci\u00f3n de la pol\u00edtica p\u00fablica y como campo de conocimiento: \u00bfDireccionalidad Sur-Sur \/ Norte-Sur \/ Global? Esquemas conceptuales y modelos de an\u00e1lisis.<\/li>\r\n<li>De las Cat\u00e1strofes y desastres \u00abnaturales\u00bb a las Emergencias socioambientales y Estudios Sociales. Modelos de intervenci\u00f3n y dise\u00f1o de estrategias en Gesti\u00f3n Integral de Riesgos de Desastres y Salud Colectiva. Acci\u00f3n Humanitaria, Geopol\u00edtica y Militarizaci\u00f3n de la Gesti\u00f3n de Desastres<\/li>\r\n<li>Dimensiones del campo de an\u00e1lisis de pol\u00edticas p\u00fablicas: agendas, formulaci\u00f3n, evaluaci\u00f3n, actores e intereses, negociaci\u00f3n, contenidos expl\u00edcitos e impl\u00edcitos y producci\u00f3n de conocimiento.<\/li>\r\n<li>Enfoques te\u00f3ricos-metodol\u00f3gicos en el an\u00e1lisis de pol\u00edticas de salud: marxismo; neo-institucionalismo; la idea de \u201cciclo\u201d en el an\u00e1lisis de pol\u00edticas de salud; an\u00e1lisis pol\u00edtico propuesto por Ball; institucionalismo; arqueolog\u00eda y genealog\u00eda de Foucault; evaluaci\u00f3n de pol\u00edticas y programas de salud.<\/li>\r\n<\/ul>\r\n\r\n\r\n\r\n<p>El equipo docente est\u00e1 coordinado por Gonzalo Basile\u00a0(GT Salud Internacional CLACSO\/FLACSO, Rep\u00fablica Dominicana) y\u00a0Marinilda Rivera(GT Salud Internacional CLACSO\/ CIS, Puerto Rico). Los docentes a cargo de las diversas asignaturas son: Carolina Tetelboin Henrion\u00a0(M\u00e9xico),\u00a0Antonio Hern\u00e1ndez\u00a0(El Salvador),\u00a0Mario Hern\u00e1ndez\u00a0(Colombia),\u00a0Oscar Feo\u00a0(Venezuela),\u00a0Lourdes Meyreles\u00a0(Rep.Dominicana),\u00a0Ana G. Fern\u00e1ndez\u00a0(Uruguay) \u2013\u00a0Daniel Godoy\u00a0(Argentina),\u00a0Tahida Ojeda\u00a0(Espa\u00f1a), entre otros.<\/p>\r\n\r\n\r\n\r\n<p>Los interesados pueden comunicarse a cursosvirtuales@clacso.edu.ar<br \/>con copia a gtsaludinternacionalclacso@gmail.com<\/p>\r\n\r\n\r\n\r\n<p>Inscripciones en <strong><a href=\"https:\/\/www.clacso.org\/salud-y-soberania-sanitaria\/\" target=\"_blank\" rel=\"noreferrer noopener\">https:\/\/www.clacso.org\/salud-y-soberania-sanitaria\/<\/a><\/strong><\/p>\r\n\r\n\r\n\r\n<p>&nbsp;<\/p>\r\n","protected":false},"excerpt":{"rendered":"<p>Junto a un equipo de docentes internacional, el Idep Salud de ATE invita a los afiliados a participar del posgrado en &#8216;Salud Internacional Sur-Sur y Soberan\u00eda Sanitaria&#8217;. Hasta el 23 de julio est\u00e1n abiertas las inscripciones para participar del posgrado sobre salud internacional y soberan\u00eda sanitaria que dicta el Consejo Latinoamericano de Ciencias Sociales (Clacso). [&hellip;]<\/p>\n","protected":false},"author":1,"featured_media":14085,"comment_status":"open","ping_status":"open","sticky":false,"template":"","format":"standard","meta":{"_exactmetrics_skip_tracking":false,"_exactmetrics_sitenote_active":false,"_exactmetrics_sitenote_note":"","_exactmetrics_sitenote_category":0,"jnews-multi-image_gallery":[],"jnews_single_post":{"subtitle":"","format":"standard","video":"","gallery":"","source_name":"","source_url":"","via_name":"","via_url":"","override_template":"0","override":[{"template":"1","single_blog_custom":"","parallax":"1","fullscreen":"0","layout":"right-sidebar","sidebar":"default-sidebar","second_sidebar":"default-sidebar","sticky_sidebar":"1","share_position":"top","share_float_style":"share-monocrhome","show_share_counter":"1","show_view_counter":"1","show_featured":"1","show_post_meta":"1","show_post_author":"1","show_post_author_image":"1","show_post_date":"1","post_date_format":"default","post_date_format_custom":"Y\/m\/d","show_post_category":"1","show_post_reading_time":"0","post_reading_time_wpm":"300","show_zoom_button":"0","zoom_button_out_step":"2","zoom_button_in_step":"3","show_post_tag":"1","show_prev_next_post":"1","show_popup_post":"1","number_popup_post":"1","show_author_box":"0","show_post_related":"0","show_inline_post_related":"0"}],"override_image_size":"0","image_override":[{"single_post_thumbnail_size":"crop-500","single_post_gallery_size":"crop-500"}],"trending_post":"0","trending_post_position":"meta","trending_post_label":"Trending","sponsored_post":"0","sponsored_post_label":"Sponsored by","sponsored_post_name":"","sponsored_post_url":"","sponsored_post_logo_enable":"0","sponsored_post_logo":"","sponsored_post_desc":""},"jnews_primary_category":{"id":""},"jnews_social_meta":{"fb_title":"","fb_description":"","fb_image":"","twitter_title":"","twitter_description":"","twitter_image":""},"jnews_review":[],"enable_review":"0","type":"percentage","name":"","summary":"","brand":"","sku":"","good":[{"good_text":""}],"bad":[{"bad_text":""}],"score_override":"","override_value":"","rating":[{"rating_text":"","rating_number":"10"}],"price":[{"shop":"","price":"","link":"","icon":""}],"jnews_override_counter":{"override_view_counter":"0","view_counter_number":"0","override_share_counter":"0","share_counter_number":"0","override_like_counter":"0","like_counter_number":"0","override_dislike_counter":"0","dislike_counter_number":"0"},"jnews_post_split":{"enable_post_split":"0","post_split":[{"template":"1","tag":"h2","numbering":"asc","mode":"normal"}]},"footnotes":""},"categories":[88],"tags":[],"class_list":["post-11160","post","type-post","status-publish","format-standard","has-post-thumbnail","hentry","category-formacion"],"jetpack_featured_media_url":"https:\/\/atecordoba.org\/wp-content\/uploads\/2020\/05\/curso-sanitario-sur-sur.jpg","_links":{"self":[{"href":"https:\/\/atecordoba.org\/index.php?rest_route=\/wp\/v2\/posts\/11160","targetHints":{"allow":["GET"]}}],"collection":[{"href":"https:\/\/atecordoba.org\/index.php?rest_route=\/wp\/v2\/posts"}],"about":[{"href":"https:\/\/atecordoba.org\/index.php?rest_route=\/wp\/v2\/types\/post"}],"author":[{"embeddable":true,"href":"https:\/\/atecordoba.org\/index.php?rest_route=\/wp\/v2\/users\/1"}],"replies":[{"embeddable":true,"href":"https:\/\/atecordoba.org\/index.php?rest_route=%2Fwp%2Fv2%2Fcomments&post=11160"}],"version-history":[{"count":1,"href":"https:\/\/atecordoba.org\/index.php?rest_route=\/wp\/v2\/posts\/11160\/revisions"}],"predecessor-version":[{"id":19541,"href":"https:\/\/atecordoba.org\/index.php?rest_route=\/wp\/v2\/posts\/11160\/revisions\/19541"}],"wp:featuredmedia":[{"embeddable":true,"href":"https:\/\/atecordoba.org\/index.php?rest_route=\/wp\/v2\/media\/14085"}],"wp:attachment":[{"href":"https:\/\/atecordoba.org\/index.php?rest_route=%2Fwp%2Fv2%2Fmedia&parent=11160"}],"wp:term":[{"taxonomy":"category","embeddable":true,"href":"https:\/\/atecordoba.org\/index.php?rest_route=%2Fwp%2Fv2%2Fcategories&post=11160"},{"taxonomy":"post_tag","embeddable":true,"href":"https:\/\/atecordoba.org\/index.php?rest_route=%2Fwp%2Fv2%2Ftags&post=11160"}],"curies":[{"name":"wp","href":"https:\/\/api.w.org\/{rel}","templated":true}]}}