{"id":11157,"date":"2019-05-27T14:37:55","date_gmt":"2019-05-27T17:37:55","guid":{"rendered":"https:\/\/www.atecordoba.org\/?p=11157"},"modified":"2019-05-27T14:37:55","modified_gmt":"2019-05-27T17:37:55","slug":"a-50-anos-del-cordobazo-paro-y-movilizacion-el-29-de-mayo-contra-la-desocupacion-y-el-hambre-de-macri","status":"publish","type":"post","link":"https:\/\/atecordoba.org\/?p=11157","title":{"rendered":"A 50 a\u00f1os del Cordobazo: paro y movilizaci\u00f3n el 29 de mayo contra la desocupaci\u00f3n y el hambre de Macri"},"content":{"rendered":"\n<p><em>En l\u00ednea a los resuelto por la CTA Aut\u00f3noma y nuestra conducci\u00f3n nacional, el CDP convoca a todos los estatales a movilizar contra el ajuste, el saqueo del FMI &nbsp;y por un Estado soberano, democr\u00e1tico y popular.<\/em><\/p>\n\n\n\n<div class=\"wp-block-image\"><figure class=\"aligncenter\"><img decoding=\"async\" src=\"https:\/\/www.atecordoba.org\/wp-content\/uploads\/2019\/03\/logo-nuevochico.png\" alt=\"\" class=\"wp-image-10996\"\/><\/figure><\/div>\n\n\n\n<p>En tal sentido, el CDP informa que el paro es de car\u00e1cter nacional\npor lo que con concentramos el mi\u00e9rcoles 29 de mayo, a las 9 horas en sede de\nATE, Entre R\u00edos 450, para movilizarnos por el centro de la ciudad. <\/p>\n","protected":false},"excerpt":{"rendered":"<p>En l\u00ednea a los resuelto por la CTA Aut\u00f3noma y nuestra conducci\u00f3n nacional, el CDP convoca a todos los estatales a movilizar contra el ajuste, el saqueo del FMI &nbsp;y por un Estado soberano, democr\u00e1tico y popular. En tal sentido, el CDP informa que el paro es de car\u00e1cter nacional por lo que con concentramos [&hellip;]<\/p>\n","protected":false},"author":1,"featured_media":19220,"comment_status":"open","ping_status":"open","sticky":false,"template":"","format":"standard","meta":{"_exactmetrics_skip_tracking":false,"_exactmetrics_sitenote_active":false,"_exactmetrics_sitenote_note":"","_exactmetrics_sitenote_category":0,"jnews-multi-image_gallery":[],"jnews_single_post":[],"jnews_primary_category":[],"jnews_social_meta":[],"jnews_review":[],"enable_review":"","type":"","name":"","summary":"","brand":"","sku":"","good":[],"bad":[],"score_override":"","override_value":"","rating":[],"price":[],"jnews_override_counter":[],"jnews_post_split":[],"footnotes":""},"categories":[21],"tags":[],"class_list":["post-11157","post","type-post","status-publish","format-standard","has-post-thumbnail","hentry","category-paro-nacional"],"jetpack_featured_media_url":"https:\/\/atecordoba.org\/wp-content\/uploads\/2020\/05\/logo-nuevochico-e1561581322808.png","_links":{"self":[{"href":"https:\/\/atecordoba.org\/index.php?rest_route=\/wp\/v2\/posts\/11157","targetHints":{"allow":["GET"]}}],"collection":[{"href":"https:\/\/atecordoba.org\/index.php?rest_route=\/wp\/v2\/posts"}],"about":[{"href":"https:\/\/atecordoba.org\/index.php?rest_route=\/wp\/v2\/types\/post"}],"author":[{"embeddable":true,"href":"https:\/\/atecordoba.org\/index.php?rest_route=\/wp\/v2\/users\/1"}],"replies":[{"embeddable":true,"href":"https:\/\/atecordoba.org\/index.php?rest_route=%2Fwp%2Fv2%2Fcomments&post=11157"}],"version-history":[{"count":0,"href":"https:\/\/atecordoba.org\/index.php?rest_route=\/wp\/v2\/posts\/11157\/revisions"}],"wp:featuredmedia":[{"embeddable":true,"href":"https:\/\/atecordoba.org\/index.php?rest_route=\/wp\/v2\/media\/19220"}],"wp:attachment":[{"href":"https:\/\/atecordoba.org\/index.php?rest_route=%2Fwp%2Fv2%2Fmedia&parent=11157"}],"wp:term":[{"taxonomy":"category","embeddable":true,"href":"https:\/\/atecordoba.org\/index.php?rest_route=%2Fwp%2Fv2%2Fcategories&post=11157"},{"taxonomy":"post_tag","embeddable":true,"href":"https:\/\/atecordoba.org\/index.php?rest_route=%2Fwp%2Fv2%2Ftags&post=11157"}],"curies":[{"name":"wp","href":"https:\/\/api.w.org\/{rel}","templated":true}]}}