{"id":11153,"date":"2019-05-20T14:09:15","date_gmt":"2019-05-20T17:09:15","guid":{"rendered":"http:\/\/www.atecordoba.org\/?p=11153"},"modified":"2019-05-20T14:09:15","modified_gmt":"2019-05-20T17:09:15","slug":"la-cta-a-convoca-a-un-paro-nacional-el-29-de-mayo-con-movilizaciones-el-28","status":"publish","type":"post","link":"https:\/\/atecordoba.org\/?p=11153","title":{"rendered":"La CTA-A convoca a un paro nacional el 29 de mayo, con movilizaciones el 28"},"content":{"rendered":"<p><em>La medida de fuerza es la continuidad del plan de lucha que lleva adelante la Central contra las pol\u00edticas de ajuste, hambre y entrega.<\/em><\/p>\n<p><img loading=\"lazy\" decoding=\"async\" class=\"aligncenter size-full wp-image-11154\" src=\"http:\/\/www.atecordoba.org\/wp-content\/uploads\/2019\/05\/BANDERA-CTA.png\" alt=\"\" width=\"550\" height=\"412\"><\/p>\n<div>La CTA Aut\u00f3noma \u2013que a nivel nacional conduce Ricardo Peidro, Claudia Baigorria y Hugo Godoy- convoca a un paro el 29 de mayo, con movilizaciones que comenzar\u00e1n el 28. El paro nacional ser\u00e1 el 29 de mayo, d\u00eda en que se conmemora el 50\u00b0 aniversario del \u201cCordobazo\u201d, hist\u00f3rica gesta que mostr\u00f3 la unidad de obreros y estudiantes y termin\u00f3 con la dictadura de Ongan\u00eda en 1969.<\/div>\n<div>&nbsp;<\/div>\n<div>Esta medida de fuerza es la continuidad del plan de lucha que lleva adelante la Central junto a otros sectores de la clase trabajadora contra las pol\u00edticas de ajuste, de hambre y entrega que encabeza el Gobierno Nacional en alianza con los gobernadores e intendentes, y en clara alineaci\u00f3n a los intereses del Fondo Monetario Internacional.<\/div>\n<div>&nbsp;<\/div>\n<div>Contra el hambre, el deterioro de los salarios, el ajuste y saqueo de Macri y el FMI, contra la criminalizaci\u00f3n de la protesta social y la judicializaci\u00f3n de nuestras luchas, en defensa de nuestros salarios, los derechos que hemos conquistado a lo largo de la historia y nuestra dignidad de clase trabajadora, el 29 vamos al paro y movilizamos en todo el pa\u00eds.<\/div>\n<p>&nbsp;<\/p>\n","protected":false},"excerpt":{"rendered":"<p>La medida de fuerza es la continuidad del plan de lucha que lleva adelante la Central contra las pol\u00edticas de ajuste, hambre y entrega. La CTA Aut\u00f3noma \u2013que a nivel nacional conduce Ricardo Peidro, Claudia Baigorria y Hugo Godoy- convoca a un paro el 29 de mayo, con movilizaciones que comenzar\u00e1n el 28. El paro [&hellip;]<\/p>\n","protected":false},"author":1,"featured_media":19220,"comment_status":"open","ping_status":"open","sticky":false,"template":"","format":"standard","meta":{"_exactmetrics_skip_tracking":false,"_exactmetrics_sitenote_active":false,"_exactmetrics_sitenote_note":"","_exactmetrics_sitenote_category":0,"jnews-multi-image_gallery":[],"jnews_single_post":[],"jnews_primary_category":[],"jnews_social_meta":[],"jnews_review":[],"enable_review":"","type":"","name":"","summary":"","brand":"","sku":"","good":[],"bad":[],"score_override":"","override_value":"","rating":[],"price":[],"jnews_override_counter":[],"jnews_post_split":[],"footnotes":""},"categories":[92,21],"tags":[],"class_list":["post-11153","post","type-post","status-publish","format-standard","has-post-thumbnail","hentry","category-cta","category-paro-nacional"],"jetpack_featured_media_url":"https:\/\/atecordoba.org\/wp-content\/uploads\/2020\/05\/logo-nuevochico-e1561581322808.png","_links":{"self":[{"href":"https:\/\/atecordoba.org\/index.php?rest_route=\/wp\/v2\/posts\/11153","targetHints":{"allow":["GET"]}}],"collection":[{"href":"https:\/\/atecordoba.org\/index.php?rest_route=\/wp\/v2\/posts"}],"about":[{"href":"https:\/\/atecordoba.org\/index.php?rest_route=\/wp\/v2\/types\/post"}],"author":[{"embeddable":true,"href":"https:\/\/atecordoba.org\/index.php?rest_route=\/wp\/v2\/users\/1"}],"replies":[{"embeddable":true,"href":"https:\/\/atecordoba.org\/index.php?rest_route=%2Fwp%2Fv2%2Fcomments&post=11153"}],"version-history":[{"count":0,"href":"https:\/\/atecordoba.org\/index.php?rest_route=\/wp\/v2\/posts\/11153\/revisions"}],"wp:featuredmedia":[{"embeddable":true,"href":"https:\/\/atecordoba.org\/index.php?rest_route=\/wp\/v2\/media\/19220"}],"wp:attachment":[{"href":"https:\/\/atecordoba.org\/index.php?rest_route=%2Fwp%2Fv2%2Fmedia&parent=11153"}],"wp:term":[{"taxonomy":"category","embeddable":true,"href":"https:\/\/atecordoba.org\/index.php?rest_route=%2Fwp%2Fv2%2Fcategories&post=11153"},{"taxonomy":"post_tag","embeddable":true,"href":"https:\/\/atecordoba.org\/index.php?rest_route=%2Fwp%2Fv2%2Ftags&post=11153"}],"curies":[{"name":"wp","href":"https:\/\/api.w.org\/{rel}","templated":true}]}}