{"id":11151,"date":"2019-05-17T12:45:24","date_gmt":"2019-05-17T15:45:24","guid":{"rendered":"http:\/\/www.atecordoba.org\/?p=11151"},"modified":"2019-05-17T12:45:24","modified_gmt":"2019-05-17T15:45:24","slug":"elecciones-del-7-de-agosto-ya-esta-en-funcionamiento-la-junta-electoral","status":"publish","type":"post","link":"https:\/\/atecordoba.org\/?p=11151","title":{"rendered":"Elecciones del 7 de agosto: ya est\u00e1 en funcionamiento la Junta Electoral"},"content":{"rendered":"<p><em>A partir de lo resuelto en el XXIII Congreso Provincial, est\u00e1 en funcionamiento la Junta Electoral con vistas a las elecciones de renovaci\u00f3n de conducci\u00f3n de ATE.<\/em><\/p>\n<p><img loading=\"lazy\" decoding=\"async\" class=\"aligncenter size-full wp-image-10996\" src=\"http:\/\/www.atecordoba.org\/wp-content\/uploads\/2019\/03\/logo-nuevochico.png\" alt=\"\" width=\"237\" height=\"237\"><\/p>\n<p>Desde el pasado mi\u00e9rcoles se encuentra de pleno funcionamiento la Junta Electoral C\u00f3rdoba, \u00f3rgano para canalizar inquietudes de los afiliados relacionadas al proceso eleccionario de renovaci\u00f3n de autoridades del Consejo Directivo Provincial del 7 de agosto de 2019.<\/p>\n<p>El horario de atenci\u00f3n es martes y mi\u00e9rcoles, de 10 a 12 horas, y jueves, de 15 a 17, en el segundo piso de nuestra sede, Entre Rios 450, C\u00f3rdoba.<\/p>\n","protected":false},"excerpt":{"rendered":"<p>A partir de lo resuelto en el XXIII Congreso Provincial, est\u00e1 en funcionamiento la Junta Electoral con vistas a las elecciones de renovaci\u00f3n de conducci\u00f3n de ATE. Desde el pasado mi\u00e9rcoles se encuentra de pleno funcionamiento la Junta Electoral C\u00f3rdoba, \u00f3rgano para canalizar inquietudes de los afiliados relacionadas al proceso eleccionario de renovaci\u00f3n de autoridades [&hellip;]<\/p>\n","protected":false},"author":1,"featured_media":19220,"comment_status":"open","ping_status":"open","sticky":false,"template":"","format":"standard","meta":{"_exactmetrics_skip_tracking":false,"_exactmetrics_sitenote_active":false,"_exactmetrics_sitenote_note":"","_exactmetrics_sitenote_category":0,"jnews-multi-image_gallery":[],"jnews_single_post":[],"jnews_primary_category":[],"jnews_social_meta":[],"jnews_review":[],"enable_review":"","type":"","name":"","summary":"","brand":"","sku":"","good":[],"bad":[],"score_override":"","override_value":"","rating":[],"price":[],"jnews_override_counter":[],"jnews_post_split":[],"footnotes":""},"categories":[10,151],"tags":[],"class_list":["post-11151","post","type-post","status-publish","format-standard","has-post-thumbnail","hentry","category-accion-politica","category-elecciones-2019"],"jetpack_featured_media_url":"https:\/\/atecordoba.org\/wp-content\/uploads\/2020\/05\/logo-nuevochico-e1561581322808.png","_links":{"self":[{"href":"https:\/\/atecordoba.org\/index.php?rest_route=\/wp\/v2\/posts\/11151","targetHints":{"allow":["GET"]}}],"collection":[{"href":"https:\/\/atecordoba.org\/index.php?rest_route=\/wp\/v2\/posts"}],"about":[{"href":"https:\/\/atecordoba.org\/index.php?rest_route=\/wp\/v2\/types\/post"}],"author":[{"embeddable":true,"href":"https:\/\/atecordoba.org\/index.php?rest_route=\/wp\/v2\/users\/1"}],"replies":[{"embeddable":true,"href":"https:\/\/atecordoba.org\/index.php?rest_route=%2Fwp%2Fv2%2Fcomments&post=11151"}],"version-history":[{"count":0,"href":"https:\/\/atecordoba.org\/index.php?rest_route=\/wp\/v2\/posts\/11151\/revisions"}],"wp:featuredmedia":[{"embeddable":true,"href":"https:\/\/atecordoba.org\/index.php?rest_route=\/wp\/v2\/media\/19220"}],"wp:attachment":[{"href":"https:\/\/atecordoba.org\/index.php?rest_route=%2Fwp%2Fv2%2Fmedia&parent=11151"}],"wp:term":[{"taxonomy":"category","embeddable":true,"href":"https:\/\/atecordoba.org\/index.php?rest_route=%2Fwp%2Fv2%2Fcategories&post=11151"},{"taxonomy":"post_tag","embeddable":true,"href":"https:\/\/atecordoba.org\/index.php?rest_route=%2Fwp%2Fv2%2Ftags&post=11151"}],"curies":[{"name":"wp","href":"https:\/\/api.w.org\/{rel}","templated":true}]}}