{"id":11141,"date":"2019-05-16T14:03:54","date_gmt":"2019-05-16T17:03:54","guid":{"rendered":"http:\/\/www.atecordoba.org\/?p=11141"},"modified":"2019-05-16T14:03:54","modified_gmt":"2019-05-16T17:03:54","slug":"nuevas-resoluciones-ordenan-la-reinstalacion-de-delegados-de-ate-despedidos-ilegalmente","status":"publish","type":"post","link":"https:\/\/atecordoba.org\/?p=11141","title":{"rendered":"Nuevas resoluciones judiciales ordenan la reinstalaci\u00f3n de delegados de ATE despedidos ilegalmente"},"content":{"rendered":"<p><em>Los compa\u00f1eros Fernando Picco y Facundo Sarry, delegados de la F\u00e1brica Militar de Villa Mar\u00eda y la Subsecretar\u00eda de Agricultura Familiar respectivamente, se beneficiaron con sendas medidas cautelares que orden su resintalaci\u00f3n en el lugar de trabajo, despu\u00e9s de ser cesanteados sin base legal por el gobierno de Mauricio Macri.<\/em><\/p>\n<p><img loading=\"lazy\" decoding=\"async\" class=\"aligncenter size-full wp-image-11142\" src=\"http:\/\/www.atecordoba.org\/wp-content\/uploads\/2019\/05\/tribunales-federales-e1558025817986.jpg\" alt=\"\" width=\"550\" height=\"359\"><\/p>\n<p>Es un nuevo logro del equipo juridico de ATE, en l\u00ednea con lo informado respecto a la restituci\u00f3n de los aportes sindicales en la Municipalidad de Cruz del Eje. Ahora, dos delegados despedidos, a pesar de que gozan a la tutela sindical protectoria, deb\u00e9n ser reisntalados en sus respectivos puestos de trabajo, de manera de garantizar el derecho de sus compa\u00f1eros a contar con representaci\u00f3n gremial.&nbsp;<\/p>\n<p>O sea, la Justicia no solo protege al delegado sino tambi\u00e9n a los trabajadores que lo eligieron para cumplir el rol de representaci\u00f3n, establecido en el art\u00edculo 14 BIS de la Constituci\u00f3n.<\/p>\n<p>En el caso del compa\u00f1ero Fernando Picco, se trata de un delegado que integra el Comit\u00e9 Mixto de Salud y Seguridad Laboral de la F\u00e1brica Militar de P\u00f3lvora y Explosivos de Villa Mar\u00eda, que fue despedido en agosto de 2018. La medida cautelar ordena al Ministerio de Defensa a cumplir inmediatamente, bajo pena de multa diaria. Vale se\u00f1alar que este compa\u00f1ero cumple una funci\u00f3n central en la la f\u00e1brica, debido a la actividad que se desarrolla en el sector. La orden judicial fue emitida por la justicia del trabajo con sede en la ciudad de Buenos Aires ya que all\u00ed tiene domicilio legal la Direcci\u00f3n General de Fabricaciones Militares.<\/p>\n<p>En tanto, Sarry es resintalado por otra medida cautelar -emitida por el Juzgado Federal N\u00ba3 de C\u00f3rdoba- ya que tiene mandato como delegado de Agriltura Familiar desde 2017 y hastas octubre de este a\u00f1o, por lo cual est\u00e1 cubierto por la tutela sindical que incluso se extiende a una a\u00f1o m\u00e1s desde el d\u00eda que finaliza su mandato. El compa\u00f1ero se desempe\u00f1a en la sede de C\u00f3rdoba Capital, uno de los organismos m\u00e1s castigados por la gesti\u00f3n macrista y tiene como fin asesorar y ayudar en procesos productivos a peque\u00f1os productores rurtales. El sector integra la Secretar\u00eda de Agroindustria, que preside el ex presidente de la Sociedad Rural, Luis Etchevehere, m\u00e1s interesado por los grandes <em>pooles<\/em> de siembra que en el destino de los peque\u00f1os productores de C\u00f3rdoba.&nbsp;<\/p>\n<p>Toda la normativa laboral vigente y los tratados internacionales en material laboral, como los convenio de la OIT, avalan los reclamos de ATE, lo que explica los sucesivos fallos en favor de los trabajadores que viene obteniendo nuestra organizaci\u00f3n.<\/p>\n","protected":false},"excerpt":{"rendered":"<p>Los compa\u00f1eros Fernando Picco y Facundo Sarry, delegados de la F\u00e1brica Militar de Villa Mar\u00eda y la Subsecretar\u00eda de Agricultura Familiar respectivamente, se beneficiaron con sendas medidas cautelares que orden su resintalaci\u00f3n en el lugar de trabajo, despu\u00e9s de ser cesanteados sin base legal por el gobierno de Mauricio Macri. Es un nuevo logro del [&hellip;]<\/p>\n","protected":false},"author":1,"featured_media":19220,"comment_status":"open","ping_status":"open","sticky":false,"template":"","format":"standard","meta":{"_exactmetrics_skip_tracking":false,"_exactmetrics_sitenote_active":false,"_exactmetrics_sitenote_note":"","_exactmetrics_sitenote_category":0,"jnews-multi-image_gallery":[],"jnews_single_post":[],"jnews_primary_category":[],"jnews_social_meta":[],"jnews_review":[],"enable_review":"","type":"","name":"","summary":"","brand":"","sku":"","good":[],"bad":[],"score_override":"","override_value":"","rating":[],"price":[],"jnews_override_counter":[],"jnews_post_split":[],"footnotes":""},"categories":[118],"tags":[],"class_list":["post-11141","post","type-post","status-publish","format-standard","has-post-thumbnail","hentry","category-legales"],"jetpack_featured_media_url":"https:\/\/atecordoba.org\/wp-content\/uploads\/2020\/05\/logo-nuevochico-e1561581322808.png","_links":{"self":[{"href":"https:\/\/atecordoba.org\/index.php?rest_route=\/wp\/v2\/posts\/11141","targetHints":{"allow":["GET"]}}],"collection":[{"href":"https:\/\/atecordoba.org\/index.php?rest_route=\/wp\/v2\/posts"}],"about":[{"href":"https:\/\/atecordoba.org\/index.php?rest_route=\/wp\/v2\/types\/post"}],"author":[{"embeddable":true,"href":"https:\/\/atecordoba.org\/index.php?rest_route=\/wp\/v2\/users\/1"}],"replies":[{"embeddable":true,"href":"https:\/\/atecordoba.org\/index.php?rest_route=%2Fwp%2Fv2%2Fcomments&post=11141"}],"version-history":[{"count":0,"href":"https:\/\/atecordoba.org\/index.php?rest_route=\/wp\/v2\/posts\/11141\/revisions"}],"wp:featuredmedia":[{"embeddable":true,"href":"https:\/\/atecordoba.org\/index.php?rest_route=\/wp\/v2\/media\/19220"}],"wp:attachment":[{"href":"https:\/\/atecordoba.org\/index.php?rest_route=%2Fwp%2Fv2%2Fmedia&parent=11141"}],"wp:term":[{"taxonomy":"category","embeddable":true,"href":"https:\/\/atecordoba.org\/index.php?rest_route=%2Fwp%2Fv2%2Fcategories&post=11141"},{"taxonomy":"post_tag","embeddable":true,"href":"https:\/\/atecordoba.org\/index.php?rest_route=%2Fwp%2Fv2%2Ftags&post=11141"}],"curies":[{"name":"wp","href":"https:\/\/api.w.org\/{rel}","templated":true}]}}