{"id":11133,"date":"2019-05-15T15:40:30","date_gmt":"2019-05-15T18:40:30","guid":{"rendered":"http:\/\/www.atecordoba.org\/?p=11133"},"modified":"2019-05-15T15:40:30","modified_gmt":"2019-05-15T18:40:30","slug":"la-justicia-obliga-a-la-municipalidad-de-cruz-del-eje-a-retener-la-cuota-sindical-de-ate","status":"publish","type":"post","link":"https:\/\/atecordoba.org\/?p=11133","title":{"rendered":"La Justicia obliga a la Municipalidad de Cruz del Eje a retener la cuota sindical de ATE"},"content":{"rendered":"<p><em>En un fallo producido la semana pasada, un tribunal de Cruz del Eje orden\u00f3 a la Municipalidad que regularice su relaci\u00f3n con nuestro gremio y se\u00f1al\u00f3 que debe detenerse la persecuci\u00f3n por motivos gremiales.<\/em><\/p>\n<p><img loading=\"lazy\" decoding=\"async\" class=\"aligncenter size-full wp-image-11134\" src=\"http:\/\/www.atecordoba.org\/wp-content\/uploads\/2019\/05\/local-cruz-del-eje-e1557945471238.jpg\" alt=\"\" width=\"550\" height=\"190\"><\/p>\n<p>Tras largos a\u00f1os de reclamos gremiales, administrativos y judiciales, la Municipalidad de Cruz del Eje deber\u00e1 cumplir la sentencia del juzgado de primera instancia de la localidad, que ordena al ejecutivo a retener la cuota gremial a los afiliados de ATE, acci\u00f3n que se neg\u00f3 a hacer desde 2011, con el fin de desconocer el \u00e1mbito de actuaci\u00f3n de nuestro gremio en el sector.<\/p>\n<p>De esta manera la Municipalidad deber\u00e1 efectuar los descuentos por planilla de los m\u00e1s de 200 afiliados municipales de ATE.<\/p>\n<p>El reclamo judicial, llevado adelante la abogada de nuestra organizaci\u00f3n Mar\u00eda Terragno, reclam\u00f3 que la comuna \u201ccese la conducta antisindical y se proceda a la devoluci\u00f3n del c\u00f3digo\u201d de los trabajadores afiliados que se desempe\u00f1an en el \u00e1mbito de la comuna. En la denuncia, ATE se\u00f1al\u00f3 que la Municipalidad manten\u00eda una \u201cpr\u00e1ctica desleal en t\u00e9rminos de la ley de asociaciones sindicales 23351\u201d.<\/p>\n<p>En noviembre de 2011 un dictamen de la asesor\u00eda jur\u00eddica municipal aconsej\u00f3 efectuar la retenci\u00f3n. Ese mes se abonaron las sumas correspondientes a la cuota sindical, pero luego, a partir del mes de diciembre con el recambio de autoridades municipales, el ejecutivo dej\u00f3 de realizar la retenci\u00f3n hasta la actualidad.<\/p>\n<p><img loading=\"lazy\" decoding=\"async\" class=\"aligncenter size-full wp-image-11136\" src=\"http:\/\/www.atecordoba.org\/wp-content\/uploads\/2019\/05\/sentencia-1-e1557945516711.jpg\" alt=\"\" width=\"550\" height=\"385\"><\/p>\n<p>Nuestro gremio realiz\u00f3 innumerables reclamos al propio municipio, se adjunt\u00f3 la lista de compa\u00f1eros afiliados y todo se acompa\u00f1\u00f3 con la documentaci\u00f3n del Ministerio de Trabajo respecto a la legalidad de para la representaci\u00f3n de los municipales en todo el pa\u00eds.<\/p>\n<p>Como sucedi\u00f3 en otros casos, la patronal se neg\u00f3 a dar entidad a ATE porque acuerda con el gremio amarillo de la regi\u00f3n, que le garantiza al intendente salarios bajos, p\u00e9simas condiciones de trabajo, precarizaci\u00f3n laboral y el imperio del miedo dentro de los lugares de trabajo.<\/p>\n<p>Ahora, con la sentencia a favor de ATE, se abre una nueva etapa en Cruz del Eje, que repercutir\u00e1 en otros municipios y comunas de la regi\u00f3n donde ATE enfrenta la resistencia de los intendentes a ejercer el leg\u00edtimo derecho de representar a los trabajadores, en pos de lograr mejores salarios y condiciones de trabajo.<\/p>\n<p><img loading=\"lazy\" decoding=\"async\" class=\"aligncenter size-full wp-image-11137\" src=\"http:\/\/www.atecordoba.org\/wp-content\/uploads\/2019\/05\/sentencia-2-1-e1557945544218.jpg\" alt=\"\" width=\"550\" height=\"273\"><\/p>\n<p>\u201cEs un trabajo que venimos realizando hacer mucho tiempo y que dio su resultado por la coherencia y la lucha de nuestro gremio, de los afiliados y de la conducci\u00f3n nacional que siempre nos dio su apoyo\u201d, resumi\u00f3 el secretario de Interior del CDP, Alejandro Mur\u00faa.<\/p>\n<p>Otro carril diferente de abre ahora tambi\u00e9n para reclamar el resarcimiento econ\u00f3mico que la Municipalidad debe efectuar a ATE por el da\u00f1o financiero que significaron a\u00f1os de negativas a realizar los descuentos de la cuota sindical a nuestros afiliados, \u00fanico medio de sostenimiento de la actividad gremial, como reconoce la sentencia citada.<\/p>\n<p>&nbsp;<\/p>\n","protected":false},"excerpt":{"rendered":"<p>En un fallo producido la semana pasada, un tribunal de Cruz del Eje orden\u00f3 a la Municipalidad que regularice su relaci\u00f3n con nuestro gremio y se\u00f1al\u00f3 que debe detenerse la persecuci\u00f3n por motivos gremiales. Tras largos a\u00f1os de reclamos gremiales, administrativos y judiciales, la Municipalidad de Cruz del Eje deber\u00e1 cumplir la sentencia del juzgado [&hellip;]<\/p>\n","protected":false},"author":1,"featured_media":19220,"comment_status":"open","ping_status":"open","sticky":false,"template":"","format":"standard","meta":{"_exactmetrics_skip_tracking":false,"_exactmetrics_sitenote_active":false,"_exactmetrics_sitenote_note":"","_exactmetrics_sitenote_category":0,"jnews-multi-image_gallery":[],"jnews_single_post":[],"jnews_primary_category":[],"jnews_social_meta":[],"jnews_review":[],"enable_review":"","type":"","name":"","summary":"","brand":"","sku":"","good":[],"bad":[],"score_override":"","override_value":"","rating":[],"price":[],"jnews_override_counter":[],"jnews_post_split":[],"footnotes":""},"categories":[150,118],"tags":[],"class_list":["post-11133","post","type-post","status-publish","format-standard","has-post-thumbnail","hentry","category-cruz-del-eje","category-legales"],"jetpack_featured_media_url":"https:\/\/atecordoba.org\/wp-content\/uploads\/2020\/05\/logo-nuevochico-e1561581322808.png","_links":{"self":[{"href":"https:\/\/atecordoba.org\/index.php?rest_route=\/wp\/v2\/posts\/11133","targetHints":{"allow":["GET"]}}],"collection":[{"href":"https:\/\/atecordoba.org\/index.php?rest_route=\/wp\/v2\/posts"}],"about":[{"href":"https:\/\/atecordoba.org\/index.php?rest_route=\/wp\/v2\/types\/post"}],"author":[{"embeddable":true,"href":"https:\/\/atecordoba.org\/index.php?rest_route=\/wp\/v2\/users\/1"}],"replies":[{"embeddable":true,"href":"https:\/\/atecordoba.org\/index.php?rest_route=%2Fwp%2Fv2%2Fcomments&post=11133"}],"version-history":[{"count":0,"href":"https:\/\/atecordoba.org\/index.php?rest_route=\/wp\/v2\/posts\/11133\/revisions"}],"wp:featuredmedia":[{"embeddable":true,"href":"https:\/\/atecordoba.org\/index.php?rest_route=\/wp\/v2\/media\/19220"}],"wp:attachment":[{"href":"https:\/\/atecordoba.org\/index.php?rest_route=%2Fwp%2Fv2%2Fmedia&parent=11133"}],"wp:term":[{"taxonomy":"category","embeddable":true,"href":"https:\/\/atecordoba.org\/index.php?rest_route=%2Fwp%2Fv2%2Fcategories&post=11133"},{"taxonomy":"post_tag","embeddable":true,"href":"https:\/\/atecordoba.org\/index.php?rest_route=%2Fwp%2Fv2%2Ftags&post=11133"}],"curies":[{"name":"wp","href":"https:\/\/api.w.org\/{rel}","templated":true}]}}