{"id":11131,"date":"2019-05-14T14:38:55","date_gmt":"2019-05-14T17:38:55","guid":{"rendered":"http:\/\/www.atecordoba.org\/?p=11131"},"modified":"2019-05-14T14:38:55","modified_gmt":"2019-05-14T17:38:55","slug":"el-15-de-mayo-paro-nacional-por-aumento-salarial","status":"publish","type":"post","link":"https:\/\/atecordoba.org\/?p=11131","title":{"rendered":"El\u00a015 de mayo paro nacional\u00a0por aumento salarial"},"content":{"rendered":"<p><em>ATE realizar\u00e1 ma\u00f1ana una medida de fuerza en todo el pa\u00eds mientras se encuentra abierta la paritaria de los estatales nacionales. Es una continuidad del paro del&nbsp;30 de abril y en reclamo de una recomposici\u00f3n salarial que compense la permanente escalada inflacionaria. En tres a\u00f1os los estatales perdimos 65% de p\u00e9rdida de poder adquisitivo:<\/em><\/p>\n<p><em>&nbsp;<img loading=\"lazy\" decoding=\"async\" class=\"aligncenter size-full wp-image-10944\" src=\"http:\/\/www.atecordoba.org\/wp-content\/uploads\/2019\/02\/1.png\" alt=\"\" width=\"550\" height=\"412\"><\/em><\/p>\n<p>El paro nacional tiene por objetivo continuar con los reclamos que lleva adelante ATE, en particular, con relaci\u00f3n a la paritaria nacional que todav\u00eda contin\u00faa abierta. Se trata de la continuidad del plan de lucha que nuestra organizaci\u00f3n viene realizando en todo el pa\u00eds en rechazo a las pol\u00edticas de ajuste, achicamiento del Estado, baja salarial, despidos, ataque a la producci\u00f3n nacional y a las plantas productivas estatales, empeoramiento de las condiciones de trabajo y persecuci\u00f3n por actividad sindical.<\/p>\n<p>En C\u00f3rdoba, el Consejo Directivo Provincial convoca a concretarnos ma\u00f1ana a las 10 horas frente a la sede de Anses, en Rivadavia esquina Rosario de Santa Fe.<\/p>\n<p>Tras el paro del 30 de abril, la medida de fuerza tambi\u00e9n rechaza el programa de 10 puntos que Macri propuso a la oposici\u00f3n, como forma de mantener en pie le programa de ajuste acordado con el FMI, aun a pesar del descalabro econ\u00f3mico y social vigente y atento a la ca\u00edda de consenso alrededor de la figura del Presidente.<\/p>\n<p>Con una inflaci\u00f3n mensual del 4% y una p\u00e9rdida del salario real del 65% en tres a\u00f1os en el promedio de los ingresos de los estatales, ATE reclamar\u00e1 ma\u00f1ana una recomposici\u00f3n urgente y medidas concretas que reencausen la grave situaci\u00f3n general que afronta el pueblo en su conjunto.<\/p>\n<p>Tambi\u00e9n haremos hincapi\u00e9 en la situaci\u00f3n que sufre el Anses, por el desmanejo del Fondo de Garant\u00eda de Sustentabilidad que el gobierno nacional est\u00e1 rifando en la bicicleta financiera que implement\u00f3 para intentar llegar a las elecciones.<\/p>\n<p style=\"text-align: right;\">Liliana Salerno<\/p>\n<p style=\"text-align: right;\">Secretaria General<\/p>\n","protected":false},"excerpt":{"rendered":"<p>ATE realizar\u00e1 ma\u00f1ana una medida de fuerza en todo el pa\u00eds mientras se encuentra abierta la paritaria de los estatales nacionales. Es una continuidad del paro del&nbsp;30 de abril y en reclamo de una recomposici\u00f3n salarial que compense la permanente escalada inflacionaria. En tres a\u00f1os los estatales perdimos 65% de p\u00e9rdida de poder adquisitivo: &nbsp; [&hellip;]<\/p>\n","protected":false},"author":1,"featured_media":19220,"comment_status":"open","ping_status":"open","sticky":false,"template":"","format":"standard","meta":{"_exactmetrics_skip_tracking":false,"_exactmetrics_sitenote_active":false,"_exactmetrics_sitenote_note":"","_exactmetrics_sitenote_category":0,"jnews-multi-image_gallery":[],"jnews_single_post":[],"jnews_primary_category":[],"jnews_social_meta":[],"jnews_review":[],"enable_review":"","type":"","name":"","summary":"","brand":"","sku":"","good":[],"bad":[],"score_override":"","override_value":"","rating":[],"price":[],"jnews_override_counter":[],"jnews_post_split":[],"footnotes":""},"categories":[21],"tags":[],"class_list":["post-11131","post","type-post","status-publish","format-standard","has-post-thumbnail","hentry","category-paro-nacional"],"jetpack_featured_media_url":"https:\/\/atecordoba.org\/wp-content\/uploads\/2020\/05\/logo-nuevochico-e1561581322808.png","_links":{"self":[{"href":"https:\/\/atecordoba.org\/index.php?rest_route=\/wp\/v2\/posts\/11131","targetHints":{"allow":["GET"]}}],"collection":[{"href":"https:\/\/atecordoba.org\/index.php?rest_route=\/wp\/v2\/posts"}],"about":[{"href":"https:\/\/atecordoba.org\/index.php?rest_route=\/wp\/v2\/types\/post"}],"author":[{"embeddable":true,"href":"https:\/\/atecordoba.org\/index.php?rest_route=\/wp\/v2\/users\/1"}],"replies":[{"embeddable":true,"href":"https:\/\/atecordoba.org\/index.php?rest_route=%2Fwp%2Fv2%2Fcomments&post=11131"}],"version-history":[{"count":0,"href":"https:\/\/atecordoba.org\/index.php?rest_route=\/wp\/v2\/posts\/11131\/revisions"}],"wp:featuredmedia":[{"embeddable":true,"href":"https:\/\/atecordoba.org\/index.php?rest_route=\/wp\/v2\/media\/19220"}],"wp:attachment":[{"href":"https:\/\/atecordoba.org\/index.php?rest_route=%2Fwp%2Fv2%2Fmedia&parent=11131"}],"wp:term":[{"taxonomy":"category","embeddable":true,"href":"https:\/\/atecordoba.org\/index.php?rest_route=%2Fwp%2Fv2%2Fcategories&post=11131"},{"taxonomy":"post_tag","embeddable":true,"href":"https:\/\/atecordoba.org\/index.php?rest_route=%2Fwp%2Fv2%2Ftags&post=11131"}],"curies":[{"name":"wp","href":"https:\/\/api.w.org\/{rel}","templated":true}]}}