{"id":11126,"date":"2019-05-10T18:32:00","date_gmt":"2019-05-10T21:32:00","guid":{"rendered":"http:\/\/www.atecordoba.org\/?p=11126"},"modified":"2020-08-10T11:02:25","modified_gmt":"2020-08-10T14:02:25","slug":"volanteada-en-pami","status":"publish","type":"post","link":"https:\/\/atecordoba.org\/?p=11126","title":{"rendered":"Volanteada en PAMI"},"content":{"rendered":"<p><em>Con el objetivo de informar a los beneficiarios de la situaci\u00f3n de los trabajadores del organismo, ATE junto a compa\u00f1eros de los gremios signatarios del sector realizaron una volanteada esta semana.<\/em><\/p>\n<p><img loading=\"lazy\" decoding=\"async\" class=\"aligncenter size-full wp-image-11127\" src=\"http:\/\/www.atecordoba.org\/wp-content\/uploads\/2019\/05\/WhatsApp-Image-2019-05-10-at-09.55.18-e1557523816367.jpeg\" alt=\"\" width=\"550\" height=\"306\"><\/p>\n<p>En la oportunidad, junto a ATE, participaron compa\u00f1eros de UTI y UPCN, transmitiendo a los afiliados y beneficiarios de PAMI que est\u00e1n sufriendo los recortes de las prestaciones m\u00e9dicas y sociales en general.<\/p>\n<p>Tambi\u00e9n se avanz\u00f3 en informar sobre la falta de profesionales m\u00e9dicos, trabajadores sociales y administrativos, situaci\u00f3n que ocasiona demoras en la atenci\u00f3n, as\u00ed como en las prestaciones m\u00e9dicas y sociales.<\/p>\n<p><img loading=\"lazy\" decoding=\"async\" class=\"aligncenter size-full wp-image-11128\" src=\"http:\/\/www.atecordoba.org\/wp-content\/uploads\/2019\/05\/WhatsApp-Image-2019-05-10-at-09.55.15-1-e1557523856348.jpeg\" alt=\"\" width=\"400\" height=\"720\"><\/p>\n<p>En tal sentido, los trabajadores trasladaron a los beneficiarios el reclamo que vienen elevando a las autoridades de PAMI para la efectivizaci\u00f3n de las compa\u00f1eras y compa\u00f1eros contratados, una recomposici\u00f3n salarial acorde a la escalada de precios que est\u00e1 licuando la capacidad adquisitiva de los haberes y mejoras en las condiciones de higiene y seguridad en las distintas sedes de la obra social de los jubilados.&nbsp;<\/p>\n<p>En al oportunidad estuvieron presentes compa\u00f1eros de ATE Anses, encabezados por la prosecretaria Adminsitrativa del CDP, Eugenia Palacio.<\/p>\n<p><img loading=\"lazy\" decoding=\"async\" class=\"aligncenter size-full wp-image-11129\" src=\"http:\/\/www.atecordoba.org\/wp-content\/uploads\/2019\/05\/WhatsApp-Image-2019-05-10-at-09.55.08-e1557523889425.jpeg\" alt=\"\" width=\"400\" height=\"720\"><\/p>\n","protected":false},"excerpt":{"rendered":"<p>Con el objetivo de informar a los beneficiarios de la situaci\u00f3n de los trabajadores del organismo, ATE junto a compa\u00f1eros de los gremios signatarios del sector realizaron una volanteada esta semana. En la oportunidad, junto a ATE, participaron compa\u00f1eros de UTI y UPCN, transmitiendo a los afiliados y beneficiarios de PAMI que est\u00e1n sufriendo los [&hellip;]<\/p>\n","protected":false},"author":1,"featured_media":19220,"comment_status":"open","ping_status":"open","sticky":false,"template":"","format":"standard","meta":{"_exactmetrics_skip_tracking":false,"_exactmetrics_sitenote_active":false,"_exactmetrics_sitenote_note":"","_exactmetrics_sitenote_category":0,"jnews-multi-image_gallery":[],"jnews_single_post":[],"jnews_primary_category":[],"jnews_social_meta":[],"jnews_review":[],"enable_review":"","type":"","name":"","summary":"","brand":"","sku":"","good":[],"bad":[],"score_override":"","override_value":"","rating":[],"price":[],"jnews_override_counter":[],"jnews_post_split":[],"footnotes":""},"categories":[18],"tags":[],"class_list":["post-11126","post","type-post","status-publish","format-standard","has-post-thumbnail","hentry","category-nacionales"],"jetpack_featured_media_url":"https:\/\/atecordoba.org\/wp-content\/uploads\/2020\/05\/logo-nuevochico-e1561581322808.png","_links":{"self":[{"href":"https:\/\/atecordoba.org\/index.php?rest_route=\/wp\/v2\/posts\/11126","targetHints":{"allow":["GET"]}}],"collection":[{"href":"https:\/\/atecordoba.org\/index.php?rest_route=\/wp\/v2\/posts"}],"about":[{"href":"https:\/\/atecordoba.org\/index.php?rest_route=\/wp\/v2\/types\/post"}],"author":[{"embeddable":true,"href":"https:\/\/atecordoba.org\/index.php?rest_route=\/wp\/v2\/users\/1"}],"replies":[{"embeddable":true,"href":"https:\/\/atecordoba.org\/index.php?rest_route=%2Fwp%2Fv2%2Fcomments&post=11126"}],"version-history":[{"count":1,"href":"https:\/\/atecordoba.org\/index.php?rest_route=\/wp\/v2\/posts\/11126\/revisions"}],"predecessor-version":[{"id":21130,"href":"https:\/\/atecordoba.org\/index.php?rest_route=\/wp\/v2\/posts\/11126\/revisions\/21130"}],"wp:featuredmedia":[{"embeddable":true,"href":"https:\/\/atecordoba.org\/index.php?rest_route=\/wp\/v2\/media\/19220"}],"wp:attachment":[{"href":"https:\/\/atecordoba.org\/index.php?rest_route=%2Fwp%2Fv2%2Fmedia&parent=11126"}],"wp:term":[{"taxonomy":"category","embeddable":true,"href":"https:\/\/atecordoba.org\/index.php?rest_route=%2Fwp%2Fv2%2Fcategories&post=11126"},{"taxonomy":"post_tag","embeddable":true,"href":"https:\/\/atecordoba.org\/index.php?rest_route=%2Fwp%2Fv2%2Ftags&post=11126"}],"curies":[{"name":"wp","href":"https:\/\/api.w.org\/{rel}","templated":true}]}}