{"id":11123,"date":"2019-05-10T16:32:17","date_gmt":"2019-05-10T19:32:17","guid":{"rendered":"http:\/\/www.atecordoba.org\/?p=11123"},"modified":"2019-05-10T16:32:17","modified_gmt":"2019-05-10T19:32:17","slug":"cachorro-godoy-en-las-elecciones-del-7-de-agosto-discutiremos-el-sentido-y-el-modelo-sindical-de-ate","status":"publish","type":"post","link":"https:\/\/atecordoba.org\/?p=11123","title":{"rendered":"Cachorro Godoy: &#8216;en las elecciones del 7 de agosto discutiremos el sentido y el modelo sindical de ATE&#8217;"},"content":{"rendered":"<p><em>En el 64\u00ba Congreso Nacional Ordinario, Hugo \u201cCachorro\u201d Godoy, secretario General del gremio, brind\u00f3 el informe pol\u00edtico donde dijo que ATE tiene actualmente m\u00e1s de 20 mil delegados en todo el pa\u00eds.&nbsp;<\/em><\/p>\n<p><img loading=\"lazy\" decoding=\"async\" class=\"aligncenter size-full wp-image-11124\" src=\"http:\/\/www.atecordoba.org\/wp-content\/uploads\/2019\/05\/godoy-e1557516705886.jpg\" alt=\"\" width=\"550\" height=\"380\"><\/p>\n<p style=\"font-weight: 400;\">El informe pol\u00edtico que brind\u00f3 Hugo \u201cCachorro\u201d Godoy, Secretario General del gremio, en el 64\u00ba Congreso Nacional Ordinario&nbsp; de nuesra organizaci\u00f3n hizo un balance del \u00faltimo a\u00f1o de gesti\u00f3n, resalt\u00f3 los hechos pol\u00edticos principales y deline\u00f3 los ejes centrales para seguir debatiendo y construyendo poder popular desde la clase trabajadora.<\/p>\n<p style=\"font-weight: 400;\"><b><strong style=\"font-style: inherit;\">El informe completo:<\/strong><\/b><\/p>\n<p style=\"font-weight: 400;\">Tenemos que estar orgullosos de lo que hace ATE en todo el pa\u00eds. Para nosotros la Naci\u00f3n es todo el territorio nacional. Son los hombres y mujeres que en cada metro cuadrado de nuestro territorio sue\u00f1an trabajan, sufren, pelean, se alegran, disfrutan de su lucha y de sus logros construyendo &nbsp;la mayor dignidad que nos da ser trabajadores, que es tener consciencia de clase y construir consciencia de clase en otros y otras, consciencia de la Patria Grande latinoamericana, y trabajar para organizarnos.<\/p>\n<p style=\"font-weight: 400;\">Entonces, recordar la memoria es necesariamente hacer referencia a los m\u00e1s de 20 mil delegados elegidos que tenemos en los distintos sectores de laburo. No me atrevo a decir m\u00e1s porque no lo puedo acreditar pero s\u00ed estoy seguro que son m\u00e1s. Ojala podr\u00edamos ver la memoria de las 24 provincias ac\u00e1, hoy. Es importante porque hace la territorialidad y nacionalidad de nuestra lucha, y es importante que todos lo veamos y lo sintamos, y tengamos informaci\u00f3n detallada de los delegados y delegadas electos, porque esa la experiencia viva, es el latir de nuestra organizaci\u00f3n. Porque no hay posibilidad de construir nuevo modelo sindical si no es en base a la libertad y democracia sindical, y el poder de la libertad y la democracia sindical tiene que estar expresado en la organizaci\u00f3n en cada sector de laburo.<\/p>\n<p style=\"font-weight: 400;\"><b><strong style=\"font-style: inherit;\">Legitimidad<\/strong><\/b><\/p>\n<p style=\"font-weight: 400;\">Vemos en la Memoria que el 4 de enero de 2018 realizamos el primer Paro Nacional y que a lo largo de todo el a\u00f1o no le dimos tregua a este Gobierno, no solo peleando, no le dimos tregua form\u00e1ndonos, generando formaci\u00f3n de cuadros, generando organizaci\u00f3n en sectores de laburo, creando nuevas seccionales, hasta la \u00faltima marcha contra el G20, con una mirada internacionalista y latinoamericana que tenemos como clase, a partir de la CLATE, viendo nuestra condici\u00f3n de clase formando una CTA Aut\u00f3noma como la que formamos.<\/p>\n<p style=\"font-weight: 400;\">Que el Ministerio de Trabajo reconociera la legalidad plena de las autoridades electas el 8 de agosto de 2018, es producto de los 200 mil compa\u00f1eros y compa\u00f1eras que no solo votaron sino que la construyeron en cada rinc\u00f3n del territorio nacional. Tenemos el orgullo de que en cada lugar nuestra ATE forma parte de la unidad y la lucha de la clase trabajadora organizando nuestra CTA Aut\u00f3noma.<\/p>\n<p style=\"font-weight: 400;\">Hace una semana atr\u00e1s nos despidieron 8 trabajadores de la Biblioteca Nacional en la Ciudad de Buenos Aires, cuatro de ellos afiliados de ATE, candidatos a delegados, y fueron despedidos por la patronal. M\u00e1s temprano que tarde los vamos a reincorporar. Yo estoy seguro porque tienen fuero gremial. Esto demuestra el sentido que tiene este Gobierno. Es cierto, son neoliberales, son conservadores, elitistas y oligarcas, y es cierto que para algunos de ellos en t\u00e9rminos individuales el mejor sindicato es el que no existe;&nbsp; pero en t\u00e9rminos de pol\u00edtica ellos quieren que existan sindicatos alcahuetes y c\u00f3mplices de las pol\u00edticas para despedir trabajadores y delegados como lo hicieron en la Biblioteca, o para aprobar Convenios a la baja, y destruir a los sindicatos, a trabajadores y trabajadoras organizados que peleamos por una pol\u00edtica diferente.<\/p>\n<p style=\"font-weight: 400;\">Entonces la legalidad es muy importante pero no est\u00e1 primero el carro que el caballo. No es legalidad sino es legitimidad, y eso es lo que nos gu\u00eda como conducta pol\u00edtica a quienes somos parte del sindicato. Y lo refrendamos y lo corroboramos todos los d\u00edas en nuestra pr\u00e1ctica. Entonces,&nbsp; hacer memoria es repensar nuestra pr\u00e1ctica cotidiana y proyectarla hacia las transformaciones que necesitamos.<\/p>\n<p style=\"font-weight: 400;\"><b><strong style=\"font-style: inherit;\">Hacia una segunda independencia<\/strong><\/b><\/p>\n<p style=\"font-weight: 400;\">As\u00ed como recordamos y nos emocionamos, y homenajeamos a nuestros m\u00e1rtires tambi\u00e9n tenemos que decir que hoy se cumple un homenaje muy particular, de un hecho que de alguna manera marc\u00f3 la vida pol\u00edtica de nuestro pa\u00eds en el transcurso del a\u00f1o pasado, y por tanto, la pr\u00e1ctica de nuestro gremio. Hace un a\u00f1o, el Presidente Macri anunci\u00f3 que la Argentina volv\u00eda al Fondo. As\u00ed lo dijo. Y la verdad que no se equivoc\u00f3. Nos trajo al Fondo m\u00e1s abyecto de ca\u00edda de la actividad econ\u00f3mica, social, de generaci\u00f3n de pobreza, desocupaci\u00f3n y de dependencia para nuestro pa\u00eds. Ese fue el resultado de la firma del programa del FMI. Y contra esa estrategia del poder de destruir nuestra Naci\u00f3n, de desestructurar nuestra sociedad, de destruir las organizaciones, es que sostenemos una perspectiva pol\u00edtica diferente.<\/p>\n<p style=\"font-weight: 400;\">La ambici\u00f3n de estos tipos es llevarse la riqueza de nuestro pa\u00eds. En tres a\u00f1os se llevaron en concepto de fuga de capitales 60 mil millones de d\u00f3lares, en concepto de pago de intereses de deuda externa, 30 mil millones de d\u00f3lares; y en concepto de ganancia de empresas trasnacionales, 6700 millones de d\u00f3lares. Un total de 97 mil millones de d\u00f3lares que se llevaron al exterior y ah\u00ed est\u00e1 la contracara de la pobreza, de la desocupaci\u00f3n, del cierre de f\u00e1bricas, de la enajenaci\u00f3n de la tierra.<\/p>\n<p style=\"font-weight: 400;\">Con los 50 mil millones de d\u00f3lares del pr\u00e9stamos del FMI Macri est\u00e1 sosteniendo su campa\u00f1a electoral para octubre, porque no pueden sostenerla de ninguna otra manera porque cada d\u00eda el pueblo lo repudia m\u00e1s.<\/p>\n<p style=\"font-weight: 400;\">Y la alegr\u00eda que tenemos los estatales, que aunque nos golpean, y nos eligieron como blanco para destruir el Estado y hacer un Estado al servicio de las trasnacionales donde se pierda toda soberan\u00eda, tenemos el orgullo de que peleamos y adem\u00e1s crecemos como organizaci\u00f3n, en la calidad de nuestros cuadros y militantes, en los \u00e1mbitos de participaci\u00f3n. Pero no alcanza y debemos formarnos mejor, no solo los delegados sino principalmente los dirigentes de la Conducci\u00f3n Nacional, de provincia y municipios.<\/p>\n<p style=\"font-weight: 400;\">&nbsp;Porque este es un tiempo que para poder pensar una segunda independencia. Hay que decir c\u00f3mo vamos a intervenir, c\u00f3mo vamos a construir un Estado popular, democr\u00e1tico y participativo. Y para eso hay que discutir cu\u00e1les son las nuevas instituciones estatales que tenemos que construir.<\/p>\n<p style=\"font-weight: 400;\">Venimos de un piso muy bajo. En la mayor\u00eda de los municipios siquiera hay Convenciones Colectivas de Trabajo. En la mitad de las provincias no hay leyes de convenciones colectivas de trabajo. Uno de los hitos principales de la lucha en R\u00edo Negro fue que la Legislatura, por unanimidad, incorpor\u00f3 a ATE como gremio representativo en la discusi\u00f3n de las pol\u00edticas para el empleo p\u00fablico.<\/p>\n<p style=\"font-weight: 400;\">A 34 a\u00f1os de democracia, las provincias y los municipios se siguen manejando de manera feudal y los que se creen due\u00f1os de los estados provinciales y municipales privilegian su relaci\u00f3n con sindicalistas amigos para que les convaliden la estrega sistem\u00e1tica y cotidiana.<\/p>\n<p style=\"font-weight: 400;\">Entonces, construir fortaleza de ATE es construir la capacidad de propuesta para una democracia diferente en nuestro pa\u00eds y no conformarnos con la democracia que hay. Porque es una democracia renga y tuerta. Tenemos que afirmarnos en la idea, en la convicci\u00f3n y multiplicarla en la consciencia de argentinos y argentinas de que los males de la democracia se resuelven con m\u00e1s democracia. Pero para que haya m\u00e1s democracia tiene que haber m\u00e1s poder popular, sino es una democracia lavada, formal, que sirve para legitimar las atrocidades del poder vigente. Para terminar con las atrocidades del poder vigente hay que construir un poder genuino propio de la clase trabajadora y del pueblo.<\/p>\n<p style=\"font-weight: 400;\"><b><strong style=\"font-style: inherit;\">El 7 de agosto elegimos un modelo sindical<\/strong><\/b><\/p>\n<p style=\"font-weight: 400;\">Por eso en este momento, en este Congreso, mayo del 2019, estamos en un a\u00f1o en el que vamos a elegir autoridades en ATE, vamos a elegir en las 24 provincias, en 180 seccionales y obviamente en el Consejo Directivo Nacional. Y as\u00ed vamos a volver a discutir en las urnas el sentido y el modelo sindical que desde nuestro gremio queremos construir para irradiar al conjunto de la clase trabajadora organizada. Vamos a discutir que si nos echan a un candidato a delegado porque es opositor, si el gremio lo sale a bancar porque es un trabajador que pelea por su derecho m\u00e1s all\u00e1 de lo que opine circunstancialmente, o nos hacemos c\u00f3mplices de su despido.<\/p>\n<p style=\"font-weight: 400;\">Vamos a discutir el modelo sindical para ver si construimos una central de trabajadores, aut\u00f3noma, que podr\u00e1 llamarse CTA Aut\u00f3noma o no, pero que necesariamente no puedo ser la CGT. Porque para crear una organizaci\u00f3n de trabajadores unificadas poderosa hay que incorporar a esas organizaciones sociales de trabajadores y trabajadoras con quienes hicimos la Marcha Federal, y recorrimos todo el pa\u00eds porque esos son los nuevos sindicatos. Tenemos orgullo nosotros de un sindicato que tiene 94 a\u00f1os y que lo reinventamos y lo adaptamos a estas nuevas realidades, pero tenemos que abrir el camino a las nuevas organizaciones sindicales porque son la nutriente del poder real que seamos capaces de constituir.<\/p>\n<p style=\"font-weight: 400;\">El 7 de agosto vamos a discutir el sentido de si reinventar ATE es crecer. Nosotros estamos muy orgullosos. En tres a\u00f1os pasamos de tener representaci\u00f3n en 800 municipios a tener representaci\u00f3n en 1200 municipios de todo el pa\u00eds, pero hay 2220 municipios. O sea que tenemos que crecer&nbsp; mucho en organizaci\u00f3n para quienes hoy no tienen la posibilidad de organizarse en ATE encuentren lugar concreto donde construir poder propio, democr\u00e1tico, que cuando se incorporan sean iguales. Y podamos construir y hacer realidad, o seguir haciendo realidad esa frase genial que dijo Quagliaro en la fundaci\u00f3n de ANUSATE, de que era un cauce para miles y miles de compa\u00f1eros que ni siquiera conoc\u00edamos. Y pucha si es as\u00ed. La mayor\u00eda de los que estamos ac\u00e1 no est\u00e1bamos presentes ese d\u00eda. Estaba Eduardo De Gennaro que esta por ac\u00e1, y que con mucho orgullo es un fundador de nuestra agrupaci\u00f3n en los tiempos aciagos y duros de la Dictadura cuando estaban despedidos de su laburo y expulsados de su sindicato, pero que tozudamente luchaban para recuperar ATE, para recuperar la democracia y un movimiento de liberaci\u00f3n nacional. Hoy cualquier pibe y piba joven que se incorpora a nuestra organizaci\u00f3n es un par para discutir el futuro y este es el orgullo de esta pol\u00edtica, de esta concepci\u00f3n, de este modelo de sindicato que vamos a volver a discutir en las urnas el 7 de agosto pr\u00f3ximo.<\/p>\n<p style=\"font-weight: 400;\"><b><strong style=\"font-style: inherit;\">Nuestro \u00fanico patr\u00f3n es el pueblo<\/strong><\/b><\/p>\n<p style=\"font-weight: 400;\">Y vamos a discutir tambi\u00e9n en 2019, en octubre, la perspectiva de pa\u00eds. Porque cuando se elige Presidente en definitiva se discute un proyecto. Y as\u00ed como nosotros dijimos el otro d\u00eda que el Paro se lo hac\u00edamos el 30 de abril a este Gobierno y al FMI por el desastre que est\u00e1n produciendo en nuestro pa\u00eds, dijimos tambi\u00e9n esto es poder popular para discutir con el Gobierno que venga. Porque no vamos a aceptar que nos digan que por la pesada herencia, o por el desastre que dejo este Gobierno no pueden atender nuestros reclamos. Vamos a pelear hoy como ma\u00f1ana para que reincorporen a todos los despedidos en el Estado, para que se restablezca las pol\u00edticas p\u00fablicas que tienen que ver con las mayor\u00edas populares.<\/p>\n<p style=\"font-weight: 400;\">Desde hace por lo menos siete a\u00f1os que le reclamamos al Gobierno Nacional cuando vamos a Paritaria que haga una comparaci\u00f3n de padrones porque es mentiroso que UPCN representa al 70% y ATE representa al 30%. As\u00ed como en muchas provincias, como Buenos Aires, Entre R\u00edos, Santa Cruz, Jujuy, Mendoza y tantas otras, somos mayor\u00eda de representantes de ATE sobre otras organizaciones, as\u00ed yo tambi\u00e9n me atrevo a decir que en el Estado Nacional estamos palo a palo en representaci\u00f3n y los Gobierno no nos quieren reconocer.<\/p>\n<p style=\"font-weight: 400;\">Entonces, tambi\u00e9n discutimos c\u00f3mo se construye un Estado participativo, c\u00f3mo se abren las puertas a las organizaciones libres del pueblo.<\/p>\n<p style=\"font-weight: 400;\">Nosotros vamos a participar en elecciones como afiliados, como ciudadanos, trabajadores, con consciencia de clase, y nuestro \u00fanico patr\u00f3n es el pueblo. Y a ese patr\u00f3n le vamos a decir que este gremio va a trabajar activamente para que se derrote en las urnas las pol\u00edticas de entrega de Macri y el FMI, pero tambi\u00e9n vamos a pelear para que se abran las puertas del Estado y que la representaci\u00f3n del futuro Gobierno abra las puertas a los reclamos pendientes de toda la clase trabajadora y de nuestro pueblo.<\/p>\n<p style=\"font-weight: 400;\">Los trabajadores y trabajadoras organizados en ATE tenemos el orgullo de debatir pol\u00edticas para transformar nuestra sociedad uni\u00e9ndonos con otras y otros. No en la unidad del espanto, ni unidireccional contra Macri. Queremos cambiar personajes, pero queremos cambiar pol\u00edticas y programas.<\/p>\n<p style=\"font-weight: 400;\"><b><strong style=\"font-style: inherit;\">15 de mayo: Paro Nacional<\/strong><\/b><\/p>\n<p style=\"font-weight: 400;\">Esos diez puntos que Macri ha planteado para que le firmen algunos opositores decimos que eso es una copia casi textual del Consenso de Washington de que&nbsp; hil\u00f3 las pol\u00edticas de los a\u00f1os `90. Quieren que la oposici\u00f3n le vaya a firmar la convalidaci\u00f3n de esa pol\u00edtica. Es esto lo que nosotros rechazamos, no rechazamos el di\u00e1logo. Aceptamos di\u00e1logo pero para pensar perspectivas diferentes, como le dijimos ayer al Gobernador de Tucum\u00e1n, como le dijimos al Gobernador de R\u00edo Negro, estamos construyendo una mesa de di\u00e1logo por una Patria basada en la solidaridad y el trabajo, y queremos que se constituyan en cada provincia. Por eso convocamos desde ATE y desde la CTA-A &nbsp;a otras organizaciones sindicales, del campesinado, a otras corrientes sindicales, con quienes realizamos paro de 30 de abril y ollas populares en 1 de mayo. Para construir unidad e igualdad, no una unidad subordinada.<\/p>\n<p style=\"font-weight: 400;\">Desde esta perspectiva es que alentamos que se constituya un nuevo Paro Nacional de 72 horas que de continuidad al Paro del 30 de abril. Nosotros no le pedimos a nadie que haga lo que nosotros no hacemos, el Paro se construye, no se pide a nadie.<\/p>\n<p style=\"font-weight: 400;\">El 15 de mayo cuando se realice el informe del INDEC y &nbsp;se conozca que otro mes m\u00e1s la inflaci\u00f3n va a estar por encima del 4%, destruyendo la calidad de nuestro salario, vamos a ir a reclamarle al Gobierno Nacional que convoque a paritarias y que reconozca&nbsp; la p\u00e9rdida del 65% de la capacidad de nuestro salario en el Estado Nacional que hemos tenido en los \u00faltimos 3 a\u00f1os.<\/p>\n<p style=\"font-weight: 400;\">Tambi\u00e9n agradecemos y saludamos el trabajo que vienen realizando en todo el pa\u00eds las y los jubilados. Porque ustedes vieron que en esos diez puntos hay cuatro cosas fundamentales: que se garantice el pago de la deuda, que se garantice la seguridad jur\u00eddica de ellos, no de los pobres ni los desocupados, la reforma laboral y la reforma previsional. Apuntan al coraz\u00f3n de la situaci\u00f3n de pobreza y marginalidad, y destrucci\u00f3n de la econom\u00eda nacional. Ahora, la seguridad social no puede ser una pelea de los jubilados, debe ser una pelea de los activos. Por eso, incorporo todos los reclamos y me comprometo a que esto formar\u00e1 parte de un debate antes del 7 de agosto, para que avancemos una reforma de nuestro estatuto que lo haga m\u00e1s democr\u00e1tico, m\u00e1s participativo, y que abra la puerta a los y las j\u00f3venes, a los jubilados y jubiladas, y a construir un poder m\u00e1s descentralizado en todo el territorio.<\/p>\n<p style=\"font-weight: 400;\">&nbsp;As\u00ed se construye desde ATE una perspectiva de poder diferente. Ese es el poder que necesitamos para enfrentar a los que nos trajeron a este fondo profundo y abyecto, de pobreza y desocupaci\u00f3n. Tenemos la dignidad porque tenemos el ejemplo de H\u00e9ctor Quagliaro, de Germ\u00e1n Abdala, de V\u00edctor de Gennaro, de compa\u00f1eros que hicieron realidad este proceso e hicieron del sentido revolucionario del vivir como lo hizo el Che Guevara, el sentido profundo de la vida. Compa\u00f1eros y compa\u00f1eras, los abrazo, estoy muy orgulloso de ustedes porque son ustedes quienes hicieron esta Memoria. Porque hicieron esta administraci\u00f3n sincera y honesta de nuestros recursos, porque son los que todos los d\u00edas van a seguir construyendo un ATE poderoso para transformar el Estado y transformar nuestra sociedad.<\/p>\n","protected":false},"excerpt":{"rendered":"<p>En el 64\u00ba Congreso Nacional Ordinario, Hugo \u201cCachorro\u201d Godoy, secretario General del gremio, brind\u00f3 el informe pol\u00edtico donde dijo que ATE tiene actualmente m\u00e1s de 20 mil delegados en todo el pa\u00eds.&nbsp; El informe pol\u00edtico que brind\u00f3 Hugo \u201cCachorro\u201d Godoy, Secretario General del gremio, en el 64\u00ba Congreso Nacional Ordinario&nbsp; de nuesra organizaci\u00f3n hizo un [&hellip;]<\/p>\n","protected":false},"author":1,"featured_media":19220,"comment_status":"open","ping_status":"open","sticky":false,"template":"","format":"standard","meta":{"_exactmetrics_skip_tracking":false,"_exactmetrics_sitenote_active":false,"_exactmetrics_sitenote_note":"","_exactmetrics_sitenote_category":0,"jnews-multi-image_gallery":[],"jnews_single_post":[],"jnews_primary_category":[],"jnews_social_meta":[],"jnews_review":[],"enable_review":"","type":"","name":"","summary":"","brand":"","sku":"","good":[],"bad":[],"score_override":"","override_value":"","rating":[],"price":[],"jnews_override_counter":[],"jnews_post_split":[],"footnotes":""},"categories":[10,143],"tags":[],"class_list":["post-11123","post","type-post","status-publish","format-standard","has-post-thumbnail","hentry","category-accion-politica","category-congreso-nacional"],"jetpack_featured_media_url":"https:\/\/atecordoba.org\/wp-content\/uploads\/2020\/05\/logo-nuevochico-e1561581322808.png","_links":{"self":[{"href":"https:\/\/atecordoba.org\/index.php?rest_route=\/wp\/v2\/posts\/11123","targetHints":{"allow":["GET"]}}],"collection":[{"href":"https:\/\/atecordoba.org\/index.php?rest_route=\/wp\/v2\/posts"}],"about":[{"href":"https:\/\/atecordoba.org\/index.php?rest_route=\/wp\/v2\/types\/post"}],"author":[{"embeddable":true,"href":"https:\/\/atecordoba.org\/index.php?rest_route=\/wp\/v2\/users\/1"}],"replies":[{"embeddable":true,"href":"https:\/\/atecordoba.org\/index.php?rest_route=%2Fwp%2Fv2%2Fcomments&post=11123"}],"version-history":[{"count":0,"href":"https:\/\/atecordoba.org\/index.php?rest_route=\/wp\/v2\/posts\/11123\/revisions"}],"wp:featuredmedia":[{"embeddable":true,"href":"https:\/\/atecordoba.org\/index.php?rest_route=\/wp\/v2\/media\/19220"}],"wp:attachment":[{"href":"https:\/\/atecordoba.org\/index.php?rest_route=%2Fwp%2Fv2%2Fmedia&parent=11123"}],"wp:term":[{"taxonomy":"category","embeddable":true,"href":"https:\/\/atecordoba.org\/index.php?rest_route=%2Fwp%2Fv2%2Fcategories&post=11123"},{"taxonomy":"post_tag","embeddable":true,"href":"https:\/\/atecordoba.org\/index.php?rest_route=%2Fwp%2Fv2%2Ftags&post=11123"}],"curies":[{"name":"wp","href":"https:\/\/api.w.org\/{rel}","templated":true}]}}