{"id":1112,"date":"2010-09-15T04:26:58","date_gmt":"2010-09-15T07:26:58","guid":{"rendered":"http:\/\/www.atecordoba.org\/?p=1112"},"modified":"2010-09-15T04:26:58","modified_gmt":"2010-09-15T07:26:58","slug":"a-pesar-de-las-persecuciones-oficiales-y-aprietes-policiales-60-del-padron-eligio-delegados-en-casa-de-gobierno","status":"publish","type":"post","link":"https:\/\/atecordoba.org\/?p=1112","title":{"rendered":"A pesar de las persecuciones oficiales y aprietes policiales, 60% del padr\u00f3n eligi\u00f3 delegados en Casa de Gobierno"},"content":{"rendered":"<p style=\"text-align: center;\"><a href=\"http:\/\/www.atecordoba.org\/wp-content\/uploads\/2012\/07\/arton71.jpg\"><img loading=\"lazy\" decoding=\"async\" class=\"aligncenter  wp-image-1113\" title=\"arton71\" src=\"http:\/\/www.atecordoba.org\/wp-content\/uploads\/2012\/07\/arton71-1024x768.jpg\" alt=\"\" width=\"614\" height=\"461\" \/><\/a><\/p>\n<p style=\"text-align: center;\">\n<div>\n<div dir=\"ltr\">\n<p style=\"text-align: justify;\"><strong>(C\u00f3rdoba, 15-9-2010). Los trabajadores de la Subsecretar\u00eda de Inform\u00e1tica y Telecomunicaciones de Casa de Gobierno salieron a la calle a votar sus delegados y superaron ampliamente el apriete del gobierno. Una delegaci\u00f3n de nuestro gremio, encabezada por Daniel Pawluchuzk (secretario de prensa) y Lu\u00eds B\u00e1rcena (secretario de interior) garantiz\u00f3 el acto eleccionario.<\/strong><\/p>\n<\/div>\n<\/div>\n<div>\n<div dir=\"ltr\">\n<p style=\"text-align: justify;\">Con un porcentaje que rond\u00f3 el 60% de los empadronados, los trabajadores de la Subsecretar\u00eda de Inform\u00e1tica y Telecomunicaciones de Casa de Gobierno eligieron a los delegados del sector.<\/p>\n<p style=\"text-align: justify;\">La votaci\u00f3n se realiz\u00f3 en la vereda de la entrada de la Casa de Gobierno de calle Ituzaing\u00f3, debido a que el Director General de Personal de la Provincia, Juan Carlos Maceira, impidi\u00f3, junto a una patota de colaboradores y efectivos policiales, que el comicio se realizara en el hall central de la repartici\u00f3n, como habitualmente que efect\u00faan las elecciones de delegados en las distintas dependencias.<\/p>\n<p style=\"text-align: justify;\">A partir de hoy H\u00e9ctor Margan y Diego De Llamas ser\u00e1n los representantes de ATE del organismo. As\u00ed, los trabajadores del Estado provincial demostraron una vez m\u00e1s que ni las persecuciones ni la discriminaci\u00f3n sindical, que desde hace seis a\u00f1os realiza la dupla De la sota \u2013Schiaretti, han podido quebrar la voluntad de elegir a quienes consideran los compa\u00f1eros m\u00e1s aptos para representarlos.<\/p>\n<p style=\"text-align: justify;\">A las 9 horas, cuando una delegaci\u00f3n de ATE-CTA se present\u00f3 en el organismo, Maceira y su s\u00e9quito coaccionaron a los presentes, orden\u00e1ndoles que se retiraran del lugar, medida abiertamente ilegal, antidemocr\u00e1tica, persecutoria y abusiva.<\/p>\n<p style=\"text-align: justify;\">De esta forma, el gobierno provincial demuestra una vez m\u00e1s que poco le interesa respetar las libertades consagradas en la Constituci\u00f3n Nacional y Provincial, en lo que respecto al derecho que tenemos los trabajadores de elegir y ser elegidos. Tampoco la Secretar\u00eda de Trabajo, \u00f3rgano destinado a mediar en conflictos de estas caracter\u00edsticas, ha tom\u00f3 alguna medida para garantizar el derecho de los trabajadores.<\/p>\n<p style=\"text-align: justify;\">No es posible entender este accionar oficial sin tener en cuenta que el gobierno organiza concursos truchos para designar a sus punteros como funcionarios, al mismo tiempo que pretende negar representatividad a nuestro gremio en el \u00e1mbito de la provincia, \u00e1mbito reconocido por el Ministerio de Trabajo de la Naci\u00f3n el a\u00f1o pasado seg\u00fan la resoluci\u00f3n 708\/09. De la manera, el gobierno tampoco cumple con la ley de convenios colectivos de trabajo, N\u00ba 8329, que establece el mecanismo de discusi\u00f3n paritaria con la participaci\u00f3n de todos los gremios estatales.<\/p>\n<p style=\"text-align: justify;\">As\u00ed, Schiaretti aspira a garantizar el silencio c\u00f3mplice dentro del Estado, mientras destruye el patrimonio de todos los cordobeses. Desde ATE-CTA ratificamos nuestro compromiso con los trabajadores, el respeto a la Constituci\u00f3n, la libertad y democracia sindical, y en la reconstrucci\u00f3n del movimiento obrero de C\u00f3rdoba.<\/p>\n<\/div>\n<\/div>\n","protected":false},"excerpt":{"rendered":"<p>(C\u00f3rdoba, 15-9-2010). Los trabajadores de la Subsecretar\u00eda de Inform\u00e1tica y Telecomunicaciones de Casa de Gobierno salieron a la calle a votar sus delegados y superaron ampliamente el apriete del gobierno. Una delegaci\u00f3n de nuestro gremio, encabezada por Daniel Pawluchuzk (secretario de prensa) y Lu\u00eds B\u00e1rcena (secretario de interior) garantiz\u00f3 el acto eleccionario. Con un porcentaje [&hellip;]<\/p>\n","protected":false},"author":1,"featured_media":19220,"comment_status":"open","ping_status":"open","sticky":false,"template":"","format":"standard","meta":{"_exactmetrics_skip_tracking":false,"_exactmetrics_sitenote_active":false,"_exactmetrics_sitenote_note":"","_exactmetrics_sitenote_category":0,"jnews-multi-image_gallery":[],"jnews_single_post":[],"jnews_primary_category":[],"jnews_social_meta":[],"jnews_review":[],"enable_review":"","type":"","name":"","summary":"","brand":"","sku":"","good":[],"bad":[],"score_override":"","override_value":"","rating":[],"price":[],"jnews_override_counter":[],"jnews_post_split":[],"footnotes":""},"categories":[8],"tags":[26,47,11,31],"class_list":["post-1112","post","type-post","status-publish","format-standard","has-post-thumbnail","hentry","category-provinciales","tag-ate","tag-elecciones","tag-noticias-2","tag-provinciales-2"],"jetpack_featured_media_url":"https:\/\/atecordoba.org\/wp-content\/uploads\/2020\/05\/logo-nuevochico-e1561581322808.png","_links":{"self":[{"href":"https:\/\/atecordoba.org\/index.php?rest_route=\/wp\/v2\/posts\/1112","targetHints":{"allow":["GET"]}}],"collection":[{"href":"https:\/\/atecordoba.org\/index.php?rest_route=\/wp\/v2\/posts"}],"about":[{"href":"https:\/\/atecordoba.org\/index.php?rest_route=\/wp\/v2\/types\/post"}],"author":[{"embeddable":true,"href":"https:\/\/atecordoba.org\/index.php?rest_route=\/wp\/v2\/users\/1"}],"replies":[{"embeddable":true,"href":"https:\/\/atecordoba.org\/index.php?rest_route=%2Fwp%2Fv2%2Fcomments&post=1112"}],"version-history":[{"count":0,"href":"https:\/\/atecordoba.org\/index.php?rest_route=\/wp\/v2\/posts\/1112\/revisions"}],"wp:featuredmedia":[{"embeddable":true,"href":"https:\/\/atecordoba.org\/index.php?rest_route=\/wp\/v2\/media\/19220"}],"wp:attachment":[{"href":"https:\/\/atecordoba.org\/index.php?rest_route=%2Fwp%2Fv2%2Fmedia&parent=1112"}],"wp:term":[{"taxonomy":"category","embeddable":true,"href":"https:\/\/atecordoba.org\/index.php?rest_route=%2Fwp%2Fv2%2Fcategories&post=1112"},{"taxonomy":"post_tag","embeddable":true,"href":"https:\/\/atecordoba.org\/index.php?rest_route=%2Fwp%2Fv2%2Ftags&post=1112"}],"curies":[{"name":"wp","href":"https:\/\/api.w.org\/{rel}","templated":true}]}}