{"id":11118,"date":"2019-05-10T15:04:54","date_gmt":"2019-05-10T18:04:54","guid":{"rendered":"http:\/\/www.atecordoba.org\/?p=11118"},"modified":"2019-05-10T15:04:54","modified_gmt":"2019-05-10T18:04:54","slug":"paritaria-nacional-paro-el-15-de-mayo-por-aumento-salarial","status":"publish","type":"post","link":"https:\/\/atecordoba.org\/?p=11118","title":{"rendered":"Paritaria nacional: paro el 15 de mayo por aumento salarial"},"content":{"rendered":"<p><em>En el marco del Congreso Nacional realizado en Tucum\u00e1n, ATE resolvi\u00f3 realizar una medida de fuerza en todo el pa\u00eds la semana que viene mientras se encuentra abierta la paritaria de los estatales nacionales. Es una continuidad del paro del 30 de abril. 65% de p\u00e9rdida de poder adquisitivo del salario real en el trienio macrista.<\/em><\/p>\n<p><img loading=\"lazy\" decoding=\"async\" class=\"aligncenter size-full wp-image-11121\" src=\"http:\/\/www.atecordoba.org\/wp-content\/uploads\/2019\/05\/64599fe008295346ea5b82491843d77b_m-e1557511446919.jpg\" alt=\"\" width=\"550\" height=\"367\"><\/p>\n<p style=\"font-weight: 400;\"><span style=\"font-style: inherit; font-weight: inherit;\">En consonancia con la aprobaci\u00f3n por unanimidad de la Memoria y Balance, los 135 congresales presentes tambi\u00e9n dieron conformidad al informe pol\u00edtico que realiz\u00f3 el Secretario General Hugo \u201cCachorro\u201d Godoy.<\/span><\/p>\n<p style=\"font-weight: 400;\"><span style=\"font-style: inherit; font-weight: inherit;\">Adem\u00e1s de la evaluaci\u00f3n pol\u00edtica, social y econ\u00f3mica del pa\u00eds, se propuso avanzar con las medidas de fuerza para continuar con los reclamos que lleva adelante ATE, en particular, con relaci\u00f3n a la paritaria nacional que todav\u00eda contin\u00faa abierta.<\/span><\/p>\n<p style=\"font-weight: 400;\"><span style=\"font-style: inherit; font-weight: inherit;\">Ante ello se resolvi\u00f3 la convocatoria a un Paro Nacional para el pr\u00f3ximo mi\u00e9rcoles 15 de mayo con movilizaciones en las principales ciudades del pa\u00eds.<\/span><\/p>\n<p style=\"font-weight: 400;\"><span style=\"font-style: inherit; font-weight: inherit;\">Esto tambi\u00e9n se manifest\u00f3 en el acto realizado en la puerta de la Casa Hist\u00f3rica de la Independencia al realizarse una marcha por las calles de la capital tucumana al finalizar el 64 Congreso Nacional de ATE.<\/span><\/p>\n<p style=\"font-weight: 400;\"><span style=\"font-style: inherit; font-weight: inherit;\">\u201cEsos diez puntos que Macri ha planteado, una copia casi textual del Consenso de Washington de los a\u00f1os \u00b490, quieren que la oposici\u00f3n la vaya a firmar para convalidar su pol\u00edtica. Nosotros eso lo rechazamos, no el di\u00e1logo\u201d, dijo Hugo Godoy.<\/span><\/p>\n<p style=\"font-weight: 400;\"><span style=\"font-style: inherit; font-weight: inherit;\">Y agreg\u00f3 que \u201cnosotros no le pedimos a nadie que haga lo que nosotros no hacemos. El Paro se construye como el del 30 de abril, por eso, el 15 de Mayo cuando se realice el informe del INDEC y se reconozca que nuevamente la inflaci\u00f3n va a estar por encima del 4% destruyendo la calidad de nuestro salario vamos a ir a reclamarle al Gobierno que convoque a paritarias y que reconozca la p\u00e9rdida del 65% de la capacidad de nuestro salario en el Estado Nacional en los \u00faltimos 3 a\u00f1os\u201d.<\/span><\/p>\n","protected":false},"excerpt":{"rendered":"<p>En el marco del Congreso Nacional realizado en Tucum\u00e1n, ATE resolvi\u00f3 realizar una medida de fuerza en todo el pa\u00eds la semana que viene mientras se encuentra abierta la paritaria de los estatales nacionales. Es una continuidad del paro del 30 de abril. 65% de p\u00e9rdida de poder adquisitivo del salario real en el trienio [&hellip;]<\/p>\n","protected":false},"author":1,"featured_media":19220,"comment_status":"open","ping_status":"open","sticky":false,"template":"","format":"standard","meta":{"_exactmetrics_skip_tracking":false,"_exactmetrics_sitenote_active":false,"_exactmetrics_sitenote_note":"","_exactmetrics_sitenote_category":0,"jnews-multi-image_gallery":[],"jnews_single_post":[],"jnews_primary_category":[],"jnews_social_meta":[],"jnews_review":[],"enable_review":"","type":"","name":"","summary":"","brand":"","sku":"","good":[],"bad":[],"score_override":"","override_value":"","rating":[],"price":[],"jnews_override_counter":[],"jnews_post_split":[],"footnotes":""},"categories":[21],"tags":[],"class_list":["post-11118","post","type-post","status-publish","format-standard","has-post-thumbnail","hentry","category-paro-nacional"],"jetpack_featured_media_url":"https:\/\/atecordoba.org\/wp-content\/uploads\/2020\/05\/logo-nuevochico-e1561581322808.png","_links":{"self":[{"href":"https:\/\/atecordoba.org\/index.php?rest_route=\/wp\/v2\/posts\/11118","targetHints":{"allow":["GET"]}}],"collection":[{"href":"https:\/\/atecordoba.org\/index.php?rest_route=\/wp\/v2\/posts"}],"about":[{"href":"https:\/\/atecordoba.org\/index.php?rest_route=\/wp\/v2\/types\/post"}],"author":[{"embeddable":true,"href":"https:\/\/atecordoba.org\/index.php?rest_route=\/wp\/v2\/users\/1"}],"replies":[{"embeddable":true,"href":"https:\/\/atecordoba.org\/index.php?rest_route=%2Fwp%2Fv2%2Fcomments&post=11118"}],"version-history":[{"count":0,"href":"https:\/\/atecordoba.org\/index.php?rest_route=\/wp\/v2\/posts\/11118\/revisions"}],"wp:featuredmedia":[{"embeddable":true,"href":"https:\/\/atecordoba.org\/index.php?rest_route=\/wp\/v2\/media\/19220"}],"wp:attachment":[{"href":"https:\/\/atecordoba.org\/index.php?rest_route=%2Fwp%2Fv2%2Fmedia&parent=11118"}],"wp:term":[{"taxonomy":"category","embeddable":true,"href":"https:\/\/atecordoba.org\/index.php?rest_route=%2Fwp%2Fv2%2Fcategories&post=11118"},{"taxonomy":"post_tag","embeddable":true,"href":"https:\/\/atecordoba.org\/index.php?rest_route=%2Fwp%2Fv2%2Ftags&post=11118"}],"curies":[{"name":"wp","href":"https:\/\/api.w.org\/{rel}","templated":true}]}}