{"id":11116,"date":"2019-05-07T16:13:48","date_gmt":"2019-05-07T19:13:48","guid":{"rendered":"http:\/\/www.atecordoba.org\/?p=11116"},"modified":"2019-05-07T16:13:48","modified_gmt":"2019-05-07T19:13:48","slug":"ate-repudia-el-decalogo-de-macri-una-invitacion-al-pacto-con-el-diablo","status":"publish","type":"post","link":"https:\/\/atecordoba.org\/?p=11116","title":{"rendered":"ATE repudia el dec\u00e1logo de Macri, una invitaci\u00f3n al pacto con el diablo"},"content":{"rendered":"<p><em>El gobierno se est\u00e1 yendo, y como triste final, el Presidente Macri sale a vender un \u201cdec\u00e1logo\u201d de unidad, que significa la continuidad por otros medios (o con otros actores) de su pol\u00edtica de promoci\u00f3n bicicleta financiera, mientras pretende comprometer el pago de la deuda oprobiosa que tom\u00f3 irresponsablemente, enajenando el patrimonio nacional.<\/em><\/p>\n<p><img loading=\"lazy\" decoding=\"async\" class=\"aligncenter size-full wp-image-10996\" src=\"http:\/\/www.atecordoba.org\/wp-content\/uploads\/2019\/03\/logo-nuevochico.png\" alt=\"\" width=\"237\" height=\"237\"><\/p>\n<p>En tal sentido, el Consejo Directivo Provincial de ATE repudia este iniciativa que solo pretende la complicidad con su pol\u00edtica antipopular.<\/p>\n<p>Adem\u00e1s, Macri y quienes le prestan el o\u00eddo, aspiran a una entrega formal de la clase trabajadores activa y pasiva a esos intereses corporativos que detentan esa deuda.<\/p>\n<p>Es un nuevo ataque contra los puestos de trabajo, impulsando una reforma laboral rechazada por todo el movimiento obrero organizado, al pretender \u201ccrear empleo con cambios en la legislaci\u00f3n laboral\u201d, despu\u00e9s de tres a\u00f1os de exitosa resistencia de las compa\u00f1eras y los compa\u00f1eros.<\/p>\n<p>Tras el fracaso pol\u00edtico para imponer la reforma de la legislaci\u00f3n que distingue a argentina por su car\u00e1cter protectiva para los trabajadores, ahora anima a sumar otros actores a establecer m\u00e1s flexibilizaci\u00f3n laboral y menos derechos, produciendo inestabilidad y precarizaci\u00f3n&nbsp; generalizada en el trabajo de los argentinos.<\/p>\n<p>La propuesta tambi\u00e9n pone en juego la seguridad jur\u00eddica de los trabajadores, en tanto subyace una regresi\u00f3n de los aportes patronales y por ende la desfinanciaci\u00f3n del Sistema de Seguridad&nbsp; Social.<\/p>\n<p>El punto 7, que expresamente alienta \u201cconsolidar un Sistema Previsional sostenible y equitativo\u201d, da lugar a la privatizaci\u00f3n del sistema, y una vuelta a las AFJP,&nbsp; con la elevaci\u00f3n de la edad jubilatoria. \u00bfEquidad es que todos cobremos un haber Jubilatorio m\u00ednimo, rompiendo la solidaridad intergeneracional y de clase?<\/p>\n<p>Cabe preguntarse tambi\u00e9n c\u00f3mo es que el Presidente \u201colvido\u201d se\u00f1alar a la pobreza como uno de los puntos a resolver, atento a que el propio Macri se comprometi\u00f3 a reducirla a cero.<\/p>\n<p>Para la conducci\u00f3n provincial de ATE, si este pliego son los enunciados de su campa\u00f1a electoral debemos los trabajadores en cada uno de nuestros sectores salir a manifestar la disconformidad a fin de esclarecer que esto es un pacto que va a subastar nuestra producci\u00f3n nacional y nuestra soberan\u00eda.<\/p>\n<p style=\"text-align: right;\">Liliana Salerno<\/p>\n<p style=\"text-align: right;\">Secretaria General<\/p>\n","protected":false},"excerpt":{"rendered":"<p>El gobierno se est\u00e1 yendo, y como triste final, el Presidente Macri sale a vender un \u201cdec\u00e1logo\u201d de unidad, que significa la continuidad por otros medios (o con otros actores) de su pol\u00edtica de promoci\u00f3n bicicleta financiera, mientras pretende comprometer el pago de la deuda oprobiosa que tom\u00f3 irresponsablemente, enajenando el patrimonio nacional. En tal [&hellip;]<\/p>\n","protected":false},"author":1,"featured_media":19220,"comment_status":"open","ping_status":"open","sticky":false,"template":"","format":"standard","meta":{"_exactmetrics_skip_tracking":false,"_exactmetrics_sitenote_active":false,"_exactmetrics_sitenote_note":"","_exactmetrics_sitenote_category":0,"jnews-multi-image_gallery":[],"jnews_single_post":[],"jnews_primary_category":[],"jnews_social_meta":[],"jnews_review":[],"enable_review":"","type":"","name":"","summary":"","brand":"","sku":"","good":[],"bad":[],"score_override":"","override_value":"","rating":[],"price":[],"jnews_override_counter":[],"jnews_post_split":[],"footnotes":""},"categories":[10],"tags":[],"class_list":["post-11116","post","type-post","status-publish","format-standard","has-post-thumbnail","hentry","category-accion-politica"],"jetpack_featured_media_url":"https:\/\/atecordoba.org\/wp-content\/uploads\/2020\/05\/logo-nuevochico-e1561581322808.png","_links":{"self":[{"href":"https:\/\/atecordoba.org\/index.php?rest_route=\/wp\/v2\/posts\/11116","targetHints":{"allow":["GET"]}}],"collection":[{"href":"https:\/\/atecordoba.org\/index.php?rest_route=\/wp\/v2\/posts"}],"about":[{"href":"https:\/\/atecordoba.org\/index.php?rest_route=\/wp\/v2\/types\/post"}],"author":[{"embeddable":true,"href":"https:\/\/atecordoba.org\/index.php?rest_route=\/wp\/v2\/users\/1"}],"replies":[{"embeddable":true,"href":"https:\/\/atecordoba.org\/index.php?rest_route=%2Fwp%2Fv2%2Fcomments&post=11116"}],"version-history":[{"count":0,"href":"https:\/\/atecordoba.org\/index.php?rest_route=\/wp\/v2\/posts\/11116\/revisions"}],"wp:featuredmedia":[{"embeddable":true,"href":"https:\/\/atecordoba.org\/index.php?rest_route=\/wp\/v2\/media\/19220"}],"wp:attachment":[{"href":"https:\/\/atecordoba.org\/index.php?rest_route=%2Fwp%2Fv2%2Fmedia&parent=11116"}],"wp:term":[{"taxonomy":"category","embeddable":true,"href":"https:\/\/atecordoba.org\/index.php?rest_route=%2Fwp%2Fv2%2Fcategories&post=11116"},{"taxonomy":"post_tag","embeddable":true,"href":"https:\/\/atecordoba.org\/index.php?rest_route=%2Fwp%2Fv2%2Ftags&post=11116"}],"curies":[{"name":"wp","href":"https:\/\/api.w.org\/{rel}","templated":true}]}}