{"id":11108,"date":"2019-05-02T12:19:15","date_gmt":"2019-05-02T15:19:15","guid":{"rendered":"http:\/\/www.atecordoba.org\/?p=11108"},"modified":"2019-05-02T12:19:15","modified_gmt":"2019-05-02T15:19:15","slug":"hay-una-sola-cta-autonoma-y-su-secretario-general-es-ricardo-peidro","status":"publish","type":"post","link":"https:\/\/atecordoba.org\/?p=11108","title":{"rendered":"Hay una sola CTA Aut\u00f3noma y su secretario General es Ricardo Peidro"},"content":{"rendered":"<p class=\"copete\"><em>Con certificaci\u00f3n de autoridades emitida por el Ministerio de Trabajo se cierra la pol\u00e9mica respecto a la titularidad de la Central. En la Provincia de C\u00f3rdoba, el secretario General es Federico Giuliani.<\/em><\/p>\n<p><img loading=\"lazy\" decoding=\"async\" class=\"aligncenter size-full wp-image-11109\" src=\"http:\/\/www.atecordoba.org\/wp-content\/uploads\/2019\/05\/171a0d96-855a-455e-8603-20cac112c47c.jpg\" alt=\"\" width=\"499\" height=\"304\"><\/p>\n<p style=\"font-weight: 400;\"><span style=\"font-style: inherit; font-weight: inherit;\">La Secretar\u00eda de Trabajo acat\u00f3 el fallo de la Justicia y otorg\u00f3 la certificaci\u00f3n de autoridades a la Conducci\u00f3n Nacional de la CTA Aut\u00f3noma encabezada por Ricardo Peidro, Secretario General; Claudia Baigorria, Secretaria Adjunta y Hugo \u201cCachorro\u201d Godoy, Secretario Adjunto; que fuera elegida por el voto directo de sus afiliados y afiliadas a lo largo y ancho del pa\u00eds el pasado 8 de agosto.<\/span><\/p>\n<p style=\"font-weight: 400;\"><span style=\"font-style: inherit; font-weight: inherit;\">Con este hecho, nos reconoce como la \u00fanica conducci\u00f3n legal de las organizaciones y trabajadores y trabajadoras afiliados a la CTAA en todo el territorio argentino. Asimismo se ratifica a todos los compa\u00f1eros y compa\u00f1eras elegidas el 8 de agosto del 2018, tanto en la Comisi\u00f3n Ejecutiva Nacional, como en las mesas provinciales y regionales, por ser el \u00fanico proceso electoral leg\u00edtimo de la CTA Aut\u00f3noma, y quedando as\u00ed ratificada la legalidad y legitimidad de nuestra Central.<\/span><\/p>\n<p>De esta forma, la cartera laboral sepulta los reclamos del ex secretario General Pablo Micheli, que a un a\u00f1o de haberse celebrado las elecciones para renovar autoridades aun sigue proclamandose como el titular de la Central. De la misma manera, el fallo judicial abarca y da legalidad a las conducciones provinciales y regionales correspondientes, dejando de lado los ap\u00e9ndices que Micheli articul\u00f3 en C\u00f3rdoba asi como en el resto de las provincias del pa\u00eds.<\/p>\n<p style=\"font-weight: 400;\"><span style=\"font-style: inherit; font-weight: inherit;\">\u201cEsta conquista es resultado de las iniciativas pol\u00edticas y acciones que realizamos durante estos meses, adem\u00e1s del trabajo de nuestros dirigentes en todo el pais. Se abre ahora una nueva etapa, que nos encontrar\u00e1 como siempre, con iniciativas, en la calle y luchando contra el ajuste y el saqueo que propone este gobierno\u201d, celebr\u00f3 Ricardo Peidro.<\/span><\/p>\n<p>Vale se\u00f1alar que las autoridades de C\u00f3rdoba electas el a\u00f1o pasado son: secretario General provincial, Federico Giuliani; secretario General Regional, R\u00edo Cuarto, Silvia Alcoba; secretario General Regional Villa Mar\u00eda, Gustavo &#8216;cartucho&#8217; Vilchez;&nbsp; secretario General Regional R\u00edo Tercero, Damian Albornoz; secretario General Regional San Francisco, Antonio &#8216;tano&#8217; Muratore; y secretario General Regional C\u00f3rdoba Capital, Diego Guerra.<\/p>\n<p>&nbsp;<\/p>\n<p><img loading=\"lazy\" decoding=\"async\" class=\"aligncenter size-full wp-image-11111\" src=\"http:\/\/www.atecordoba.org\/wp-content\/uploads\/2019\/05\/certificacion-ministerio-de-trabajo-2.jpg\" alt=\"\" width=\"492\" height=\"640\"><\/p>\n<p><img loading=\"lazy\" decoding=\"async\" class=\"aligncenter size-full wp-image-11112\" src=\"http:\/\/www.atecordoba.org\/wp-content\/uploads\/2019\/05\/certificacion-ministerio-de-trabajo-3.jpg\" alt=\"\" width=\"496\" height=\"640\"><\/p>\n","protected":false},"excerpt":{"rendered":"<p>Con certificaci\u00f3n de autoridades emitida por el Ministerio de Trabajo se cierra la pol\u00e9mica respecto a la titularidad de la Central. En la Provincia de C\u00f3rdoba, el secretario General es Federico Giuliani. La Secretar\u00eda de Trabajo acat\u00f3 el fallo de la Justicia y otorg\u00f3 la certificaci\u00f3n de autoridades a la Conducci\u00f3n Nacional de la CTA [&hellip;]<\/p>\n","protected":false},"author":1,"featured_media":19220,"comment_status":"open","ping_status":"open","sticky":false,"template":"","format":"standard","meta":{"_exactmetrics_skip_tracking":false,"_exactmetrics_sitenote_active":false,"_exactmetrics_sitenote_note":"","_exactmetrics_sitenote_category":0,"jnews-multi-image_gallery":[],"jnews_single_post":[],"jnews_primary_category":[],"jnews_social_meta":[],"jnews_review":[],"enable_review":"","type":"","name":"","summary":"","brand":"","sku":"","good":[],"bad":[],"score_override":"","override_value":"","rating":[],"price":[],"jnews_override_counter":[],"jnews_post_split":[],"footnotes":""},"categories":[10,92],"tags":[],"class_list":["post-11108","post","type-post","status-publish","format-standard","has-post-thumbnail","hentry","category-accion-politica","category-cta"],"jetpack_featured_media_url":"https:\/\/atecordoba.org\/wp-content\/uploads\/2020\/05\/logo-nuevochico-e1561581322808.png","_links":{"self":[{"href":"https:\/\/atecordoba.org\/index.php?rest_route=\/wp\/v2\/posts\/11108","targetHints":{"allow":["GET"]}}],"collection":[{"href":"https:\/\/atecordoba.org\/index.php?rest_route=\/wp\/v2\/posts"}],"about":[{"href":"https:\/\/atecordoba.org\/index.php?rest_route=\/wp\/v2\/types\/post"}],"author":[{"embeddable":true,"href":"https:\/\/atecordoba.org\/index.php?rest_route=\/wp\/v2\/users\/1"}],"replies":[{"embeddable":true,"href":"https:\/\/atecordoba.org\/index.php?rest_route=%2Fwp%2Fv2%2Fcomments&post=11108"}],"version-history":[{"count":0,"href":"https:\/\/atecordoba.org\/index.php?rest_route=\/wp\/v2\/posts\/11108\/revisions"}],"wp:featuredmedia":[{"embeddable":true,"href":"https:\/\/atecordoba.org\/index.php?rest_route=\/wp\/v2\/media\/19220"}],"wp:attachment":[{"href":"https:\/\/atecordoba.org\/index.php?rest_route=%2Fwp%2Fv2%2Fmedia&parent=11108"}],"wp:term":[{"taxonomy":"category","embeddable":true,"href":"https:\/\/atecordoba.org\/index.php?rest_route=%2Fwp%2Fv2%2Fcategories&post=11108"},{"taxonomy":"post_tag","embeddable":true,"href":"https:\/\/atecordoba.org\/index.php?rest_route=%2Fwp%2Fv2%2Ftags&post=11108"}],"curies":[{"name":"wp","href":"https:\/\/api.w.org\/{rel}","templated":true}]}}