{"id":11102,"date":"2019-04-30T15:42:12","date_gmt":"2019-04-30T18:42:12","guid":{"rendered":"http:\/\/www.atecordoba.org\/?p=11102"},"modified":"2019-04-30T15:42:12","modified_gmt":"2019-04-30T18:42:12","slug":"cordoba-ate-marcho-en-la-multitudinaria-movilizacion-por-el-paro-nacional","status":"publish","type":"post","link":"https:\/\/atecordoba.org\/?p=11102","title":{"rendered":"C\u00f3rdoba: ATE march\u00f3 en la multitudinaria movilizaci\u00f3n por el paro nacional"},"content":{"rendered":"<p><em>El Consejo Directivo Provincial particip\u00f3 hoy de la marcha donde alrededor de 10 mil trabajadores organizados reclamaron que termine el modelo de hambre y ajuste de Mauricio Macri.<\/em><\/p>\n<p><img loading=\"lazy\" decoding=\"async\" class=\"aligncenter size-full wp-image-11103\" src=\"http:\/\/www.atecordoba.org\/wp-content\/uploads\/2019\/04\/20190430_112516-e1556648927819.jpg\" alt=\"\" width=\"550\" height=\"309\"><\/p>\n<p>La columna de ATE parti\u00f3 desde la sede de nuestro gremio alrededor de la 11 horas, encabezada por nuestra secretaria General, Liliana Salerno, junto al resto del secretariado y compa\u00f1eros de variados sectores de la administraci\u00f3n p\u00fablica nacional y provincial.<\/p>\n<p>El acto central se desarroll\u00f3 en la Plaza Agust\u00edn Tosco, donde confluyeron compa\u00f1eros enrolados en los distintos gremios y organizaciones sociales que integran la CTA Aut\u00f3noma, la CTA de los Trabajadores y la CGT Rodr\u00edguez Pe\u00f1a.<\/p>\n<p><img loading=\"lazy\" decoding=\"async\" class=\"aligncenter size-full wp-image-11104\" src=\"http:\/\/www.atecordoba.org\/wp-content\/uploads\/2019\/04\/desde-palco.png\" alt=\"\" width=\"550\" height=\"309\"><\/p>\n<p>En la oportunidad, habl\u00f3 a la multitud desde el palco, junto a una gran cantidad de dirigentes, el secretario gremial de ATE y secretario general de la Regional CTAA, Diego Guerra.<\/p>\n<p>En nombre de Regional C\u00f3rdoba Capital de la CTAA, Guerra abog\u00f3 por la unidad de los trabajadores como camino para deponer el brutal programa econ\u00f3mico que hambrea al pueblo y repudi\u00f3 el acuerdo suscripto por Macri con el FMI.<\/p>\n<p><img loading=\"lazy\" decoding=\"async\" class=\"aligncenter size-full wp-image-11105\" src=\"http:\/\/www.atecordoba.org\/wp-content\/uploads\/2019\/04\/caruchas.png\" alt=\"\" width=\"550\" height=\"309\"><\/p>\n<p>Los organizadores del acto anunciaron que el pr\u00f3ximo 29 de mayo se llevar\u00e1 a cabo una jornada de lucha en C\u00f3rdoba en homenaje al aniversario por el cumplimiento de los 50 a\u00f1os del C\u00f3rdobazo, gesta hist\u00f3rica del pueblo cordob\u00e9s que marc\u00f3 el principio del fin de la dictadura del aut\u00f3crata Juan Carlos Ongan\u00eda.<\/p>\n<p>La conducci\u00f3n de ATE confirm\u00f3 que nuestro gremio participar\u00e1 de dicha jornada tan importante para la historia de la clase trabajadora.<\/p>\n<p><img loading=\"lazy\" decoding=\"async\" class=\"aligncenter size-full wp-image-11106\" src=\"http:\/\/www.atecordoba.org\/wp-content\/uploads\/2019\/04\/columna.png\" alt=\"\" width=\"550\" height=\"309\"><\/p>\n","protected":false},"excerpt":{"rendered":"<p>El Consejo Directivo Provincial particip\u00f3 hoy de la marcha donde alrededor de 10 mil trabajadores organizados reclamaron que termine el modelo de hambre y ajuste de Mauricio Macri. La columna de ATE parti\u00f3 desde la sede de nuestro gremio alrededor de la 11 horas, encabezada por nuestra secretaria General, Liliana Salerno, junto al resto del [&hellip;]<\/p>\n","protected":false},"author":1,"featured_media":19220,"comment_status":"open","ping_status":"open","sticky":false,"template":"","format":"standard","meta":{"_exactmetrics_skip_tracking":false,"_exactmetrics_sitenote_active":false,"_exactmetrics_sitenote_note":"","_exactmetrics_sitenote_category":0,"jnews-multi-image_gallery":[],"jnews_single_post":[],"jnews_primary_category":[],"jnews_social_meta":[],"jnews_review":[],"enable_review":"","type":"","name":"","summary":"","brand":"","sku":"","good":[],"bad":[],"score_override":"","override_value":"","rating":[],"price":[],"jnews_override_counter":[],"jnews_post_split":[],"footnotes":""},"categories":[21],"tags":[],"class_list":["post-11102","post","type-post","status-publish","format-standard","has-post-thumbnail","hentry","category-paro-nacional"],"jetpack_featured_media_url":"https:\/\/atecordoba.org\/wp-content\/uploads\/2020\/05\/logo-nuevochico-e1561581322808.png","_links":{"self":[{"href":"https:\/\/atecordoba.org\/index.php?rest_route=\/wp\/v2\/posts\/11102","targetHints":{"allow":["GET"]}}],"collection":[{"href":"https:\/\/atecordoba.org\/index.php?rest_route=\/wp\/v2\/posts"}],"about":[{"href":"https:\/\/atecordoba.org\/index.php?rest_route=\/wp\/v2\/types\/post"}],"author":[{"embeddable":true,"href":"https:\/\/atecordoba.org\/index.php?rest_route=\/wp\/v2\/users\/1"}],"replies":[{"embeddable":true,"href":"https:\/\/atecordoba.org\/index.php?rest_route=%2Fwp%2Fv2%2Fcomments&post=11102"}],"version-history":[{"count":0,"href":"https:\/\/atecordoba.org\/index.php?rest_route=\/wp\/v2\/posts\/11102\/revisions"}],"wp:featuredmedia":[{"embeddable":true,"href":"https:\/\/atecordoba.org\/index.php?rest_route=\/wp\/v2\/media\/19220"}],"wp:attachment":[{"href":"https:\/\/atecordoba.org\/index.php?rest_route=%2Fwp%2Fv2%2Fmedia&parent=11102"}],"wp:term":[{"taxonomy":"category","embeddable":true,"href":"https:\/\/atecordoba.org\/index.php?rest_route=%2Fwp%2Fv2%2Fcategories&post=11102"},{"taxonomy":"post_tag","embeddable":true,"href":"https:\/\/atecordoba.org\/index.php?rest_route=%2Fwp%2Fv2%2Ftags&post=11102"}],"curies":[{"name":"wp","href":"https:\/\/api.w.org\/{rel}","templated":true}]}}