{"id":11099,"date":"2019-04-30T10:43:24","date_gmt":"2019-04-30T13:43:24","guid":{"rendered":"http:\/\/www.atecordoba.org\/?p=11099"},"modified":"2019-04-30T10:43:24","modified_gmt":"2019-04-30T13:43:24","slug":"feliz-1o-dia-del-trabajador","status":"publish","type":"post","link":"https:\/\/atecordoba.org\/?p=11099","title":{"rendered":"Feliz 1\u00ba de mayo, D\u00eda del Trabajador"},"content":{"rendered":"<p><em>Con motivo de celebrar ma\u00f1ana el D\u00eda del Trabajador el Consejo Directivo Provincial desea saludar a todos los afiliados de ATE, los estatales nacionales, provinciales y municipales, y los trabajadores en general.<\/em><\/p>\n<p><img loading=\"lazy\" decoding=\"async\" class=\"aligncenter size-full wp-image-11020\" src=\"http:\/\/www.atecordoba.org\/wp-content\/uploads\/2019\/03\/banderas-ate-y-ctaa-e1553790961476.jpg\" alt=\"\" width=\"250\" height=\"167\"><\/p>\n<p>Como todos los a\u00f1os&nbsp;reafirmamos nuestro compromiso en la defensa de los derechos y el salario de los estatales. Esta claro que&nbsp; la etapa que atravesamos&nbsp; es el periodo terminal del modelo de ajuste macrista, situaci\u00f3n que exige&nbsp; nuestras banderas mas firmes que nunca, frente al proceso de ataque y menosprecio de los trabajadores del Estado, y de todo lo estatal, que camina diariamente en los pasillos de cada organismo.<\/p>\n<p>Hacemos extensivgo nuestro saludo fraterno a los trabajadores del sector privado, que sufren como los estatales con el peso del ajuste sobre sus espaldas.<\/p>\n<p style=\"text-align: left;\">Ante este panorama, que este 1\u00ba de mayo nos re\u00fana alrededor de la unidad en la defensa de del Estado interventor y regulador de la econom\u00eda y que nos impulse a crecer en organizaci\u00f3n, porque desde Chicago, pasando por el 17 de octubre, hasta hoy, la lucha de la clase trabajadora es la lucha contra la explotaci\u00f3n, por la patria liberada y la felicidad del pueblo.<\/p>\n<p style=\"text-align: right;\">Liliana Salerno<\/p>\n<p style=\"text-align: right;\">Secretaria General&nbsp;<\/p>\n","protected":false},"excerpt":{"rendered":"<p>Con motivo de celebrar ma\u00f1ana el D\u00eda del Trabajador el Consejo Directivo Provincial desea saludar a todos los afiliados de ATE, los estatales nacionales, provinciales y municipales, y los trabajadores en general. Como todos los a\u00f1os&nbsp;reafirmamos nuestro compromiso en la defensa de los derechos y el salario de los estatales. Esta claro que&nbsp; la etapa [&hellip;]<\/p>\n","protected":false},"author":1,"featured_media":19220,"comment_status":"open","ping_status":"open","sticky":false,"template":"","format":"standard","meta":{"_exactmetrics_skip_tracking":false,"_exactmetrics_sitenote_active":false,"_exactmetrics_sitenote_note":"","_exactmetrics_sitenote_category":0,"jnews-multi-image_gallery":[],"jnews_single_post":[],"jnews_primary_category":[],"jnews_social_meta":[],"jnews_review":[],"enable_review":"","type":"","name":"","summary":"","brand":"","sku":"","good":[],"bad":[],"score_override":"","override_value":"","rating":[],"price":[],"jnews_override_counter":[],"jnews_post_split":[],"footnotes":""},"categories":[10],"tags":[],"class_list":["post-11099","post","type-post","status-publish","format-standard","has-post-thumbnail","hentry","category-accion-politica"],"jetpack_featured_media_url":"https:\/\/atecordoba.org\/wp-content\/uploads\/2020\/05\/logo-nuevochico-e1561581322808.png","_links":{"self":[{"href":"https:\/\/atecordoba.org\/index.php?rest_route=\/wp\/v2\/posts\/11099","targetHints":{"allow":["GET"]}}],"collection":[{"href":"https:\/\/atecordoba.org\/index.php?rest_route=\/wp\/v2\/posts"}],"about":[{"href":"https:\/\/atecordoba.org\/index.php?rest_route=\/wp\/v2\/types\/post"}],"author":[{"embeddable":true,"href":"https:\/\/atecordoba.org\/index.php?rest_route=\/wp\/v2\/users\/1"}],"replies":[{"embeddable":true,"href":"https:\/\/atecordoba.org\/index.php?rest_route=%2Fwp%2Fv2%2Fcomments&post=11099"}],"version-history":[{"count":0,"href":"https:\/\/atecordoba.org\/index.php?rest_route=\/wp\/v2\/posts\/11099\/revisions"}],"wp:featuredmedia":[{"embeddable":true,"href":"https:\/\/atecordoba.org\/index.php?rest_route=\/wp\/v2\/media\/19220"}],"wp:attachment":[{"href":"https:\/\/atecordoba.org\/index.php?rest_route=%2Fwp%2Fv2%2Fmedia&parent=11099"}],"wp:term":[{"taxonomy":"category","embeddable":true,"href":"https:\/\/atecordoba.org\/index.php?rest_route=%2Fwp%2Fv2%2Fcategories&post=11099"},{"taxonomy":"post_tag","embeddable":true,"href":"https:\/\/atecordoba.org\/index.php?rest_route=%2Fwp%2Fv2%2Ftags&post=11099"}],"curies":[{"name":"wp","href":"https:\/\/api.w.org\/{rel}","templated":true}]}}