{"id":11094,"date":"2019-04-29T13:16:10","date_gmt":"2019-04-29T16:16:10","guid":{"rendered":"http:\/\/www.atecordoba.org\/?p=11094"},"modified":"2019-04-29T13:16:10","modified_gmt":"2019-04-29T16:16:10","slug":"paro-nacional-de-ate-3","status":"publish","type":"post","link":"https:\/\/atecordoba.org\/?p=11094","title":{"rendered":"Paro nacional de ATE"},"content":{"rendered":"<p><em>En el marco de lo resuelto por la conducci\u00f3n nacional de ATE, el Consejo Directivo Provincia (CDP) convoca a los estatales de C\u00f3rdoba a realizar ma\u00f1ana un paro con movilizaci\u00f3n en reclamo de aumento salarial, el fin de los despidos y el ajuste, si como en repudio al programa econ\u00f3mico &nbsp;acordado con el FMI.<\/em><\/p>\n<p><img loading=\"lazy\" decoding=\"async\" class=\"aligncenter size-full wp-image-10996\" src=\"http:\/\/www.atecordoba.org\/wp-content\/uploads\/2019\/03\/logo-nuevochico.png\" alt=\"\" width=\"237\" height=\"237\"><\/p>\n<p>La medida de fuerza se llevar\u00e1 a cabo en todo el pa\u00eds como movilizaciones en las principales provincias, en tanto en la Ciudad de Buenos Aires nuestro gremio marchar\u00e1&nbsp; Plaza de Mayo junto con las organizaciones que integran la CTA Aut\u00f3noma y las centrales sindicales que comprometieron su participaci\u00f3n.<\/p>\n<p>En C\u00f3rdoba, el CDP anunci\u00f3 que le paro comenzar\u00e1 a las 9 horas con abandono de tareas y concentraci\u00f3n en sede de ATE a las 10 horas, para posteriormente movilizar a la Plaza Agust\u00edn Tosco.<\/p>\n<p>El reclamo extendido de los trabajadores estatales, que se suma a lo que plantean los sectores privados, incluye terminar con las cesant\u00edas en los lugares de trabajo, el ajuste generalizado de la econom\u00eda, los tarifazos e impuestazos en Naci\u00f3n, Provincia y municipios. Rechazamos la pol\u00edtica de destrucci\u00f3n del aparato productivo que lleva adelante la gesti\u00f3n de Mauricio Macri, a todas luces en una situaci\u00f3n de desbarranco total, as\u00ed como los procesos de Schiaretti y Mestre, de similares caracter\u00edsticas, tal como lo expresan los \u00edndices de pobreza y desocupaci\u00f3n y que sufrimos los cordobeses.<\/p>\n<p>En ese contexto, nos movilizaremos en unidad con diversas organizaciones gremiales y sociales.<\/p>\n<p style=\"text-align: right;\">Liliana Salerno<\/p>\n<p style=\"text-align: right;\">Secretaria General<\/p>\n<p style=\"text-align: right;\">&nbsp;<\/p>\n","protected":false},"excerpt":{"rendered":"<p>En el marco de lo resuelto por la conducci\u00f3n nacional de ATE, el Consejo Directivo Provincia (CDP) convoca a los estatales de C\u00f3rdoba a realizar ma\u00f1ana un paro con movilizaci\u00f3n en reclamo de aumento salarial, el fin de los despidos y el ajuste, si como en repudio al programa econ\u00f3mico &nbsp;acordado con el FMI. La [&hellip;]<\/p>\n","protected":false},"author":1,"featured_media":19220,"comment_status":"open","ping_status":"open","sticky":false,"template":"","format":"standard","meta":{"_exactmetrics_skip_tracking":false,"_exactmetrics_sitenote_active":false,"_exactmetrics_sitenote_note":"","_exactmetrics_sitenote_category":0,"jnews-multi-image_gallery":[],"jnews_single_post":[],"jnews_primary_category":[],"jnews_social_meta":[],"jnews_review":[],"enable_review":"","type":"","name":"","summary":"","brand":"","sku":"","good":[],"bad":[],"score_override":"","override_value":"","rating":[],"price":[],"jnews_override_counter":[],"jnews_post_split":[],"footnotes":""},"categories":[21],"tags":[],"class_list":["post-11094","post","type-post","status-publish","format-standard","has-post-thumbnail","hentry","category-paro-nacional"],"jetpack_featured_media_url":"https:\/\/atecordoba.org\/wp-content\/uploads\/2020\/05\/logo-nuevochico-e1561581322808.png","_links":{"self":[{"href":"https:\/\/atecordoba.org\/index.php?rest_route=\/wp\/v2\/posts\/11094","targetHints":{"allow":["GET"]}}],"collection":[{"href":"https:\/\/atecordoba.org\/index.php?rest_route=\/wp\/v2\/posts"}],"about":[{"href":"https:\/\/atecordoba.org\/index.php?rest_route=\/wp\/v2\/types\/post"}],"author":[{"embeddable":true,"href":"https:\/\/atecordoba.org\/index.php?rest_route=\/wp\/v2\/users\/1"}],"replies":[{"embeddable":true,"href":"https:\/\/atecordoba.org\/index.php?rest_route=%2Fwp%2Fv2%2Fcomments&post=11094"}],"version-history":[{"count":0,"href":"https:\/\/atecordoba.org\/index.php?rest_route=\/wp\/v2\/posts\/11094\/revisions"}],"wp:featuredmedia":[{"embeddable":true,"href":"https:\/\/atecordoba.org\/index.php?rest_route=\/wp\/v2\/media\/19220"}],"wp:attachment":[{"href":"https:\/\/atecordoba.org\/index.php?rest_route=%2Fwp%2Fv2%2Fmedia&parent=11094"}],"wp:term":[{"taxonomy":"category","embeddable":true,"href":"https:\/\/atecordoba.org\/index.php?rest_route=%2Fwp%2Fv2%2Fcategories&post=11094"},{"taxonomy":"post_tag","embeddable":true,"href":"https:\/\/atecordoba.org\/index.php?rest_route=%2Fwp%2Fv2%2Ftags&post=11094"}],"curies":[{"name":"wp","href":"https:\/\/api.w.org\/{rel}","templated":true}]}}