{"id":11087,"date":"2019-04-23T11:39:55","date_gmt":"2019-04-23T14:39:55","guid":{"rendered":"http:\/\/www.atecordoba.org\/?p=11087"},"modified":"2020-06-09T15:36:09","modified_gmt":"2020-06-09T18:36:09","slug":"generos-charla-debate-en-ate","status":"publish","type":"post","link":"https:\/\/atecordoba.org\/?p=11087","title":{"rendered":"G\u00e9neros: charla-debate en ATE"},"content":{"rendered":"<p><em>El Espacio de G\u00e9neros del Consejo Directivo Provincial (CDP) invita a todas y todos a participar del conversatorio sobre la obra &#8220;La Guerra contra las Mujeres&#8221;, de la reconocida investigadora y pensadora sobre el feminismo Rita Segato.&nbsp;<\/em><\/p>\n<p><img loading=\"lazy\" decoding=\"async\" class=\"aligncenter size-full wp-image-11088\" src=\"http:\/\/atecordoba.org\/wp-content\/uploads\/2020\/06\/WhatsApp-Image-2019-04-23-at-11.23.59-e1556030348564.jpg\" alt=\"\" width=\"550\" height=\"389\"><\/p>\n<p>La actividad se enmarca de la l\u00ednea de acci\u00f3n que viene desarrollando nuestro sindicato de reconocimiento de los derechos de las mujeres, el reclamo por el fin de los feminicidios y la campa\u00f1a en favor de la legalizaci\u00f3n del aborto gratuito y seguro para todas las mujeres.<\/p>\n<p>El conversatorio abordar\u00e1 la introducci\u00f3n de la mencionada obra, para brindar herramientas te\u00f3ricas y su aplicaci\u00f3n pr\u00e1ctica a las compa\u00f1eras y trabajadoras, tanto a nivel social como en su lugar de trabajo.<\/p>\n<p>La charla se llevara a cabo ma\u00f1ana mi\u00e9rcoles 24 de abril, a las 18 horas, en el sal\u00f3n de acto de la sede del CDP, Entre R\u00edos 450, C\u00f3rdoba Capital.<\/p>\n<p>&nbsp;<\/p>\n","protected":false},"excerpt":{"rendered":"<p>El Espacio de G\u00e9neros del Consejo Directivo Provincial (CDP) invita a todas y todos a participar del conversatorio sobre la obra &#8220;La Guerra contra las Mujeres&#8221;, de la reconocida investigadora y pensadora sobre el feminismo Rita Segato.&nbsp; La actividad se enmarca de la l\u00ednea de acci\u00f3n que viene desarrollando nuestro sindicato de reconocimiento de los [&hellip;]<\/p>\n","protected":false},"author":1,"featured_media":19220,"comment_status":"open","ping_status":"open","sticky":false,"template":"","format":"standard","meta":{"_exactmetrics_skip_tracking":false,"_exactmetrics_sitenote_active":false,"_exactmetrics_sitenote_note":"","_exactmetrics_sitenote_category":0,"jnews-multi-image_gallery":[],"jnews_single_post":[],"jnews_primary_category":[],"jnews_social_meta":[],"jnews_review":[],"enable_review":"","type":"","name":"","summary":"","brand":"","sku":"","good":[],"bad":[],"score_override":"","override_value":"","rating":[],"price":[],"jnews_override_counter":[],"jnews_post_split":[],"footnotes":""},"categories":[325],"tags":[],"class_list":["post-11087","post","type-post","status-publish","format-standard","has-post-thumbnail","hentry","category-generos-y-diversidades"],"jetpack_featured_media_url":"https:\/\/atecordoba.org\/wp-content\/uploads\/2020\/05\/logo-nuevochico-e1561581322808.png","_links":{"self":[{"href":"https:\/\/atecordoba.org\/index.php?rest_route=\/wp\/v2\/posts\/11087","targetHints":{"allow":["GET"]}}],"collection":[{"href":"https:\/\/atecordoba.org\/index.php?rest_route=\/wp\/v2\/posts"}],"about":[{"href":"https:\/\/atecordoba.org\/index.php?rest_route=\/wp\/v2\/types\/post"}],"author":[{"embeddable":true,"href":"https:\/\/atecordoba.org\/index.php?rest_route=\/wp\/v2\/users\/1"}],"replies":[{"embeddable":true,"href":"https:\/\/atecordoba.org\/index.php?rest_route=%2Fwp%2Fv2%2Fcomments&post=11087"}],"version-history":[{"count":1,"href":"https:\/\/atecordoba.org\/index.php?rest_route=\/wp\/v2\/posts\/11087\/revisions"}],"predecessor-version":[{"id":19916,"href":"https:\/\/atecordoba.org\/index.php?rest_route=\/wp\/v2\/posts\/11087\/revisions\/19916"}],"wp:featuredmedia":[{"embeddable":true,"href":"https:\/\/atecordoba.org\/index.php?rest_route=\/wp\/v2\/media\/19220"}],"wp:attachment":[{"href":"https:\/\/atecordoba.org\/index.php?rest_route=%2Fwp%2Fv2%2Fmedia&parent=11087"}],"wp:term":[{"taxonomy":"category","embeddable":true,"href":"https:\/\/atecordoba.org\/index.php?rest_route=%2Fwp%2Fv2%2Fcategories&post=11087"},{"taxonomy":"post_tag","embeddable":true,"href":"https:\/\/atecordoba.org\/index.php?rest_route=%2Fwp%2Fv2%2Ftags&post=11087"}],"curies":[{"name":"wp","href":"https:\/\/api.w.org\/{rel}","templated":true}]}}