{"id":11081,"date":"2019-04-17T15:33:13","date_gmt":"2019-04-17T18:33:13","guid":{"rendered":"http:\/\/www.atecordoba.org\/?p=11081"},"modified":"2019-04-17T15:33:13","modified_gmt":"2019-04-17T18:33:13","slug":"asamblea-eleccion-de-congresales-para-el-proximo-3-de-mayo-2019","status":"publish","type":"post","link":"https:\/\/atecordoba.org\/?p=11081","title":{"rendered":"Asamblea eligi\u00f3 congresales para el XXIII Congreso Provincial"},"content":{"rendered":"<p><em>Con una excelente concurrencia&nbsp; de afiliados, delegados y militantes de nuestra organizaci\u00f3n sindical se llev\u00f3 a cabo ayer la asamblea general&nbsp; para la elecci\u00f3n de congresales que participar\u00e1n en el congreso provincial ordinario y extraordinario de nuestra ATE C\u00f3rdoba, a realizarse el pr\u00f3ximo 3 de Mayo.<\/em><\/p>\n<p><img loading=\"lazy\" decoding=\"async\" class=\"aligncenter size-full wp-image-10996\" src=\"http:\/\/www.atecordoba.org\/wp-content\/uploads\/2019\/03\/logo-nuevochico.png\" alt=\"\" width=\"237\" height=\"237\"><\/p>\n<p>La apertura de la misma estuvo a cargo de la Secretaria General, Cra. Liliana Salerno. La misma se dirigi\u00f3 a los presentes para felicitar la masiva concurrencia en el sal\u00f3n principal de nuestra sede, totalmente colmado con compa\u00f1eras y compa\u00f1eros de todos los sectores.<\/p>\n<p>Acto seguido Salerno realiz\u00f3 un an\u00e1lisis de la situaci\u00f3n general que atraviesan los estatales, al tiempo que inform\u00f3 que el balance financiero del ejercicio 2018 estar\u00e1 a disposici\u00f3n en los pr\u00f3ximos d\u00edas para los congresales electos ayer.<\/p>\n<p>La asamblea se desarroll\u00f3 con absoluta normalidad, donde los presentes votaron entre las dos opciones para elegir los congresales propuestos.<\/p>\n<p>Seguidamente sobre un total de 234 asamble\u00edstas acreditados la lista N\u00ba1, encabezada por la compa\u00f1era Ada Carnero, obtuvo un total de 144 votos, en tanto la lista N\u00ba2, con el cro. Daniel Pawluchuzk como primer candidato, sac\u00f3 90 votos.<\/p>\n<p>Una vez m\u00e1s, nuestro gremio celebra este ejercicio de participaci\u00f3n y democracia sindical consagrado ayer.<\/p>\n<p style=\"text-align: right;\">Liliana Salerno<\/p>\n<p style=\"text-align: right;\">Secretaria General<\/p>\n","protected":false},"excerpt":{"rendered":"<p>Con una excelente concurrencia&nbsp; de afiliados, delegados y militantes de nuestra organizaci\u00f3n sindical se llev\u00f3 a cabo ayer la asamblea general&nbsp; para la elecci\u00f3n de congresales que participar\u00e1n en el congreso provincial ordinario y extraordinario de nuestra ATE C\u00f3rdoba, a realizarse el pr\u00f3ximo 3 de Mayo. La apertura de la misma estuvo a cargo de [&hellip;]<\/p>\n","protected":false},"author":1,"featured_media":19220,"comment_status":"open","ping_status":"open","sticky":false,"template":"","format":"standard","meta":{"_exactmetrics_skip_tracking":false,"_exactmetrics_sitenote_active":false,"_exactmetrics_sitenote_note":"","_exactmetrics_sitenote_category":0,"jnews-multi-image_gallery":[],"jnews_single_post":[],"jnews_primary_category":[],"jnews_social_meta":[],"jnews_review":[],"enable_review":"","type":"","name":"","summary":"","brand":"","sku":"","good":[],"bad":[],"score_override":"","override_value":"","rating":[],"price":[],"jnews_override_counter":[],"jnews_post_split":[],"footnotes":""},"categories":[10],"tags":[],"class_list":["post-11081","post","type-post","status-publish","format-standard","has-post-thumbnail","hentry","category-accion-politica"],"jetpack_featured_media_url":"https:\/\/atecordoba.org\/wp-content\/uploads\/2020\/05\/logo-nuevochico-e1561581322808.png","_links":{"self":[{"href":"https:\/\/atecordoba.org\/index.php?rest_route=\/wp\/v2\/posts\/11081","targetHints":{"allow":["GET"]}}],"collection":[{"href":"https:\/\/atecordoba.org\/index.php?rest_route=\/wp\/v2\/posts"}],"about":[{"href":"https:\/\/atecordoba.org\/index.php?rest_route=\/wp\/v2\/types\/post"}],"author":[{"embeddable":true,"href":"https:\/\/atecordoba.org\/index.php?rest_route=\/wp\/v2\/users\/1"}],"replies":[{"embeddable":true,"href":"https:\/\/atecordoba.org\/index.php?rest_route=%2Fwp%2Fv2%2Fcomments&post=11081"}],"version-history":[{"count":0,"href":"https:\/\/atecordoba.org\/index.php?rest_route=\/wp\/v2\/posts\/11081\/revisions"}],"wp:featuredmedia":[{"embeddable":true,"href":"https:\/\/atecordoba.org\/index.php?rest_route=\/wp\/v2\/media\/19220"}],"wp:attachment":[{"href":"https:\/\/atecordoba.org\/index.php?rest_route=%2Fwp%2Fv2%2Fmedia&parent=11081"}],"wp:term":[{"taxonomy":"category","embeddable":true,"href":"https:\/\/atecordoba.org\/index.php?rest_route=%2Fwp%2Fv2%2Fcategories&post=11081"},{"taxonomy":"post_tag","embeddable":true,"href":"https:\/\/atecordoba.org\/index.php?rest_route=%2Fwp%2Fv2%2Ftags&post=11081"}],"curies":[{"name":"wp","href":"https:\/\/api.w.org\/{rel}","templated":true}]}}