{"id":11077,"date":"2019-04-16T13:32:09","date_gmt":"2019-04-16T16:32:09","guid":{"rendered":"http:\/\/www.atecordoba.org\/?p=11077"},"modified":"2019-04-16T13:32:09","modified_gmt":"2019-04-16T16:32:09","slug":"ate-cordoba-repudia-la-irrupcion-violenta-de-una-fiscal-en-la-sede-ate-mendoza","status":"publish","type":"post","link":"https:\/\/atecordoba.org\/?p=11077","title":{"rendered":"ATE C\u00f3rdoba repudia la irrupcion violenta de una fiscal en la sede ATE Mendoza"},"content":{"rendered":"<p><em>El Consejo Directivo Provincial repudia la irrupcion de una fiscal provincial en la sede de ATE mendocina.<\/em><\/p>\n<p><img loading=\"lazy\" decoding=\"async\" class=\"aligncenter  wp-image-11078\" src=\"http:\/\/www.atecordoba.org\/wp-content\/uploads\/2019\/04\/ate-mendoza2.jpg\" alt=\"\" width=\"551\" height=\"367\"><\/p>\n<p>La conducci\u00f3n de ATE Mendoza denunci\u00f3 en conferencia de prensa, a trav\u00e9s de su secretario General Roberto Macho, que una fiscal irrumpi\u00f3 en el local provincial, cometiendo un avasallamiento contra nuestro sindicato y su Comisi\u00f3n Directiva, violando nuestros derechos democr\u00e1ticos y sindicales.&nbsp;<\/p>\n<p>La irrupci\u00f3n se basa en una denuncia sin fundamento sobre afiliaciones que ATE Mendoza aclarar\u00e1 oportunamente con la documentacion necesaria.<\/p>\n<p>\u201cEstamos frente a un hecho de criminalizaci\u00f3n y persecuci\u00f3n, basando en una mentira de la fiscal que no se llev\u00f3 nada que tenga que ver con esto. Cuando la fiscal irrumpi\u00f3 nuestro edificio, inmediatamente realizamos una constataci\u00f3n con escribana p\u00fablica, donde se registraron los da\u00f1os. Sin dudas, esto demuestra el ensa\u00f1amiento y la persecuci\u00f3n pol\u00edtica que tiene el Gobierno con nuestra entidad sindical\u201d, apunt\u00f3 el referente gremial.<\/p>\n<p>Desde el CDP C\u00f3rdoba, a trav\u00e9s de nuestra Secretaria General Liliana Salerno, expresamos nuestro m\u00e1s en\u00e9rgico repudio a este accionar de la justicia mendocina, donde vemos la mano del gobernador Alfredo Cornejo, presidente de la UCR, ensa\u00f1ando en perseguir a los que luchan en defensa de los derechos de los trabajadores estatales.&nbsp;&nbsp;<\/p>\n","protected":false},"excerpt":{"rendered":"<p>El Consejo Directivo Provincial repudia la irrupcion de una fiscal provincial en la sede de ATE mendocina. La conducci\u00f3n de ATE Mendoza denunci\u00f3 en conferencia de prensa, a trav\u00e9s de su secretario General Roberto Macho, que una fiscal irrumpi\u00f3 en el local provincial, cometiendo un avasallamiento contra nuestro sindicato y su Comisi\u00f3n Directiva, violando nuestros [&hellip;]<\/p>\n","protected":false},"author":1,"featured_media":19220,"comment_status":"open","ping_status":"open","sticky":false,"template":"","format":"standard","meta":{"_exactmetrics_skip_tracking":false,"_exactmetrics_sitenote_active":false,"_exactmetrics_sitenote_note":"","_exactmetrics_sitenote_category":0,"jnews-multi-image_gallery":[],"jnews_single_post":[],"jnews_primary_category":[],"jnews_social_meta":[],"jnews_review":[],"enable_review":"","type":"","name":"","summary":"","brand":"","sku":"","good":[],"bad":[],"score_override":"","override_value":"","rating":[],"price":[],"jnews_override_counter":[],"jnews_post_split":[],"footnotes":""},"categories":[10],"tags":[],"class_list":["post-11077","post","type-post","status-publish","format-standard","has-post-thumbnail","hentry","category-accion-politica"],"jetpack_featured_media_url":"https:\/\/atecordoba.org\/wp-content\/uploads\/2020\/05\/logo-nuevochico-e1561581322808.png","_links":{"self":[{"href":"https:\/\/atecordoba.org\/index.php?rest_route=\/wp\/v2\/posts\/11077","targetHints":{"allow":["GET"]}}],"collection":[{"href":"https:\/\/atecordoba.org\/index.php?rest_route=\/wp\/v2\/posts"}],"about":[{"href":"https:\/\/atecordoba.org\/index.php?rest_route=\/wp\/v2\/types\/post"}],"author":[{"embeddable":true,"href":"https:\/\/atecordoba.org\/index.php?rest_route=\/wp\/v2\/users\/1"}],"replies":[{"embeddable":true,"href":"https:\/\/atecordoba.org\/index.php?rest_route=%2Fwp%2Fv2%2Fcomments&post=11077"}],"version-history":[{"count":0,"href":"https:\/\/atecordoba.org\/index.php?rest_route=\/wp\/v2\/posts\/11077\/revisions"}],"wp:featuredmedia":[{"embeddable":true,"href":"https:\/\/atecordoba.org\/index.php?rest_route=\/wp\/v2\/media\/19220"}],"wp:attachment":[{"href":"https:\/\/atecordoba.org\/index.php?rest_route=%2Fwp%2Fv2%2Fmedia&parent=11077"}],"wp:term":[{"taxonomy":"category","embeddable":true,"href":"https:\/\/atecordoba.org\/index.php?rest_route=%2Fwp%2Fv2%2Fcategories&post=11077"},{"taxonomy":"post_tag","embeddable":true,"href":"https:\/\/atecordoba.org\/index.php?rest_route=%2Fwp%2Fv2%2Ftags&post=11077"}],"curies":[{"name":"wp","href":"https:\/\/api.w.org\/{rel}","templated":true}]}}