{"id":11072,"date":"2019-04-11T12:03:54","date_gmt":"2019-04-11T15:03:54","guid":{"rendered":"http:\/\/www.atecordoba.org\/?p=11072"},"modified":"2019-04-11T12:03:54","modified_gmt":"2019-04-11T15:03:54","slug":"asamblea-para-elegir-congresales-2","status":"publish","type":"post","link":"https:\/\/atecordoba.org\/?p=11072","title":{"rendered":"Asamblea para elegir congresales"},"content":{"rendered":"<p><em>El Consejo Directivo Provincial convoca a asamblea general de afiliados para elegir congresales para participar del Congreso Provincial ordinario y extraordinario de nuestro sindicato que se desarrollar\u00e1 en mayo.<\/em><\/p>\n<figure id=\"attachment_11073\" aria-describedby=\"caption-attachment-11073\" style=\"width: 550px\" class=\"wp-caption aligncenter\"><img loading=\"lazy\" decoding=\"async\" class=\"wp-image-11073 size-full\" src=\"http:\/\/www.atecordoba.org\/wp-content\/uploads\/2019\/04\/asamblea-p_congresales-cdp-2018.jpg\" alt=\"\" width=\"550\" height=\"309\"><figcaption id=\"caption-attachment-11073\" class=\"wp-caption-text\">Imagen de archivo, asamblea 2018.<\/figcaption><\/figure>\n<p>La asamblea se llevar\u00e1 a cabo el martes 16 de abril a las 17 horas en la sede de nuestro CDP, Entre R\u00edos 450. De esta forma, se conformar\u00e1 el cuerpo de congresales para participar del XXIII Congreso Ordinario y Extraordinario el 3 de mayo de 2019.<\/p>\n","protected":false},"excerpt":{"rendered":"<p>El Consejo Directivo Provincial convoca a asamblea general de afiliados para elegir congresales para participar del Congreso Provincial ordinario y extraordinario de nuestro sindicato que se desarrollar\u00e1 en mayo. La asamblea se llevar\u00e1 a cabo el martes 16 de abril a las 17 horas en la sede de nuestro CDP, Entre R\u00edos 450. De esta [&hellip;]<\/p>\n","protected":false},"author":1,"featured_media":19220,"comment_status":"open","ping_status":"open","sticky":false,"template":"","format":"standard","meta":{"_exactmetrics_skip_tracking":false,"_exactmetrics_sitenote_active":false,"_exactmetrics_sitenote_note":"","_exactmetrics_sitenote_category":0,"jnews-multi-image_gallery":[],"jnews_single_post":[],"jnews_primary_category":[],"jnews_social_meta":[],"jnews_review":[],"enable_review":"","type":"","name":"","summary":"","brand":"","sku":"","good":[],"bad":[],"score_override":"","override_value":"","rating":[],"price":[],"jnews_override_counter":[],"jnews_post_split":[],"footnotes":""},"categories":[10,124],"tags":[],"class_list":["post-11072","post","type-post","status-publish","format-standard","has-post-thumbnail","hentry","category-accion-politica","category-congreso-provincial"],"jetpack_featured_media_url":"https:\/\/atecordoba.org\/wp-content\/uploads\/2020\/05\/logo-nuevochico-e1561581322808.png","_links":{"self":[{"href":"https:\/\/atecordoba.org\/index.php?rest_route=\/wp\/v2\/posts\/11072","targetHints":{"allow":["GET"]}}],"collection":[{"href":"https:\/\/atecordoba.org\/index.php?rest_route=\/wp\/v2\/posts"}],"about":[{"href":"https:\/\/atecordoba.org\/index.php?rest_route=\/wp\/v2\/types\/post"}],"author":[{"embeddable":true,"href":"https:\/\/atecordoba.org\/index.php?rest_route=\/wp\/v2\/users\/1"}],"replies":[{"embeddable":true,"href":"https:\/\/atecordoba.org\/index.php?rest_route=%2Fwp%2Fv2%2Fcomments&post=11072"}],"version-history":[{"count":0,"href":"https:\/\/atecordoba.org\/index.php?rest_route=\/wp\/v2\/posts\/11072\/revisions"}],"wp:featuredmedia":[{"embeddable":true,"href":"https:\/\/atecordoba.org\/index.php?rest_route=\/wp\/v2\/media\/19220"}],"wp:attachment":[{"href":"https:\/\/atecordoba.org\/index.php?rest_route=%2Fwp%2Fv2%2Fmedia&parent=11072"}],"wp:term":[{"taxonomy":"category","embeddable":true,"href":"https:\/\/atecordoba.org\/index.php?rest_route=%2Fwp%2Fv2%2Fcategories&post=11072"},{"taxonomy":"post_tag","embeddable":true,"href":"https:\/\/atecordoba.org\/index.php?rest_route=%2Fwp%2Fv2%2Ftags&post=11072"}],"curies":[{"name":"wp","href":"https:\/\/api.w.org\/{rel}","templated":true}]}}