{"id":11063,"date":"2019-04-09T16:28:35","date_gmt":"2019-04-09T19:28:35","guid":{"rendered":"http:\/\/www.atecordoba.org\/?p=11063"},"modified":"2019-04-09T16:28:35","modified_gmt":"2019-04-09T19:28:35","slug":"sin-respuesta-del-ministerio-de-trabajo-ante-el-brutal-deterioro-de-la-agencia-territorial-cordoba","status":"publish","type":"post","link":"https:\/\/atecordoba.org\/?p=11063","title":{"rendered":"Sin respuesta del Ministerio de Trabajo ante el brutal deterioro de la Agencia Territorial C\u00f3rdoba"},"content":{"rendered":"<p><em>Los trabajadores de la Agencia Territorial C\u00f3rdoba, delegaci\u00f3n del Ministerio de Producci\u00f3n y Trabajo de la Naci\u00f3n, realizaron una serie de denuncias a los fines que el organismo cumpla con la normativa de higiene y seguridad en el trabajo y garantice adecuadas condiciones de trabajo, debido a la alarmante situaci\u00f3n edilicia que sufre la sede ubicada en la calle Rodr\u00edguez Pe\u00f1a 461 (ex Gecal). Todo fue llevado a cabo con el apoyo y acompa\u00f1amiento de ATE C\u00f3rdoba.<\/em><\/p>\n<figure id=\"attachment_11067\" aria-describedby=\"caption-attachment-11067\" style=\"width: 550px\" class=\"wp-caption aligncenter\"><img loading=\"lazy\" decoding=\"async\" class=\"wp-image-11067 size-full\" src=\"http:\/\/www.atecordoba.org\/wp-content\/uploads\/2019\/04\/min-trabajo1-e1554837621531.jpg\" alt=\"\" width=\"550\" height=\"413\"><figcaption id=\"caption-attachment-11067\" class=\"wp-caption-text\">Ingreso a la Agencia Territorial C\u00f3rdoba del Ministerio de Producci\u00f3n y Trabajo de la Naci\u00f3n<\/figcaption><\/figure>\n<p>En ese marco, los problemas edilicios y el deterioro de las condiciones de higiene y seguridad en el trabajo se profundizaron en los \u00faltimos a\u00f1os, dado que el locador y due\u00f1o del inmueble, KANTOR CONSTRUCCIONES S.R.L. (30-51905606-9), incumpli\u00f3 sistem\u00e1ticamente el contrato, no obstante lo cual las autoridades del Ministerio renovaron el alquiler en sucesivas veces contrato a partir de las promesas de mejoras que realiza el locador.<\/p>\n<figure id=\"attachment_11065\" aria-describedby=\"caption-attachment-11065\" style=\"width: 300px\" class=\"wp-caption alignright\"><img loading=\"lazy\" decoding=\"async\" class=\"wp-image-11065 size-full\" src=\"http:\/\/www.atecordoba.org\/wp-content\/uploads\/2019\/04\/TRABAJO-6-e1554837820159.jpg\" alt=\"\" width=\"300\" height=\"400\"><figcaption id=\"caption-attachment-11065\" class=\"wp-caption-text\">Falta de pintura desde hace a\u00f1os.<\/figcaption><\/figure>\n<p>Pero nada de eso ha sucedido. Demostraci\u00f3n de la alarmante situaci\u00f3n fueron los accidentes laborales que sufren los trabajadores por no contar con un correcto funcionamiento del ascensor (que hace m\u00e1s de 3 meses que se encuentra sin funcionar) y obliga a los trabajadores tener que subir 3 pisos por los accesos de las escaleras que no poseen barandas y los escalones siguen sin terminaci\u00f3n, que se tiene que acceder en oscuro por falta de iluminaci\u00f3n.<\/p>\n<p>Asimismo, los reiterados cortes agua por falta de pago (siendo de responsabilidad del propietario del edificio) o por falta de mantenimiento de ca\u00f1er\u00edas y tanques, la ausencia de mantenimiento de los aires acondicionados frio\/calor que actualmente se encuentra roto en el primer piso del inmueble, lo cual en tiempos de verano o invierno se torna inhabitable por el excesivo calor o frio, dado que las dichas oficinas no poseen ventanas al exterior. En lo que respecta a la entrada del edificio, se encuentra chatarra acumulada y dep\u00f3sitos de basura pertenecientes al due\u00f1o del edificio que hacen del acceso principal una clara demostraci\u00f3n de abandono y falta de mantenimiento.<\/p>\n<p>Por otro lado, el Ministerio de Producci\u00f3n y Trabajo tiene clara responsabilidad en la situaci\u00f3n, ya &nbsp;que prolong\u00f3 la contrataci\u00f3n de un Edificio que no cumple con las m\u00ednimas condiciones de higiene y seguridad, incumple con el pago a proveedores como el servicio de limpieza -interrumpido por varios meses- al igual que el servicio de agua.<\/p>\n<p>Tambi\u00e9n se demora la ejecuci\u00f3n de los fondos para arreglar autos\/camionetas necesarias para que los agentes puedan realizar el trabajo de inspecciones T\u00e9cnicas y Notificaciones entre otras acciones necesarias para llevar adelante los Programas que la Agencia Territorial tiene en su competencia.<\/p>\n<figure id=\"attachment_11064\" aria-describedby=\"caption-attachment-11064\" style=\"width: 300px\" class=\"wp-caption alignleft\"><img loading=\"lazy\" decoding=\"async\" class=\"wp-image-11064 size-full\" src=\"http:\/\/www.atecordoba.org\/wp-content\/uploads\/2019\/04\/TRABAJO-5-e1554837765547.jpg\" alt=\"\" width=\"300\" height=\"400\"><figcaption id=\"caption-attachment-11064\" class=\"wp-caption-text\">Escaleras sin baranda.<\/figcaption><\/figure>\n<p>Por todo ello el cuerpo de delegados de ATE realizaron distintas presentaciones administrativas realizadas, con el apoyo de la secretaria General del CDP, Liliana Salerno, y el secretario Gremial, Diego Guerra, ante las autoridades tanto al Jefe de Agencia.<\/p>\n<p>De la misma forma se llev\u00f3 a cabo presentaciones ante la Directora Regional, con la presentaci\u00f3n de expedientes en car\u00e1cter urgente por constatar ante escribano p\u00fablico las condiciones del edificio la cual quedo presentada con fecha 18\/01\/2019 mediante <strong>Expediente N\u00b0 120702890536\/2019<\/strong>; y la presentaci\u00f3n de una nota complementaria el d\u00eda 07\/03\/2019 mediante <strong>Expediente N\u00b0 13579756\/2019<\/strong>, ampliando las condiciones deterioradas en el edificio.<\/p>\n<p>Al no recibir respuesta formal el pasado 04 de abril se present\u00f3 nota al Ministro de Producci\u00f3n y Trabajo Dante Sica, mediante <strong>Expediente 20360906\/2019,<\/strong> para notificarle la gravedad de la situaci\u00f3n y el incumplimiento de las condiciones de higiene y seguridad para los 46 trabajadores que desempe\u00f1an sus funciones.<\/p>\n<p>Las distintas presentaciones se han realizado en cumplimiento del Convenio Colectivo, donde se establece que los delegados tienen la responsabilidad de velar por las condiciones de higiene y seguridad de los trabajadores que representan y participar de las decisiones que competan a dicha \u00e1rea.<\/p>\n<p>De esta manera, se vuelve a solicitar a las autoridades se arbitren con premura los medios para avanzar en una Contrataci\u00f3n Directa de un inmueble que cumpla con las condiciones de higiene y seguridad para los trabajadores.<\/p>\n<figure id=\"attachment_11068\" aria-describedby=\"caption-attachment-11068\" style=\"width: 550px\" class=\"wp-caption aligncenter\"><img loading=\"lazy\" decoding=\"async\" class=\"wp-image-11068 size-full\" src=\"http:\/\/www.atecordoba.org\/wp-content\/uploads\/2019\/04\/TRABAJO-2-e1554837874308.jpg\" alt=\"\" width=\"550\" height=\"413\"><figcaption id=\"caption-attachment-11068\" class=\"wp-caption-text\">Basura, chatarra y escombros en el ingreso del organismo.<\/figcaption><\/figure>\n<figure id=\"attachment_11066\" aria-describedby=\"caption-attachment-11066\" style=\"width: 375px\" class=\"wp-caption aligncenter\"><img loading=\"lazy\" decoding=\"async\" class=\"wp-image-11066 size-full\" src=\"http:\/\/www.atecordoba.org\/wp-content\/uploads\/2019\/04\/TRABAJO-7-e1554837940895.jpg\" alt=\"\" width=\"375\" height=\"500\"><figcaption id=\"caption-attachment-11066\" class=\"wp-caption-text\">Falta de elementos contra incendios.<\/p>\n<dd><\/figcaption><\/figure>\n<p><figure id=\"attachment_11069\" aria-describedby=\"caption-attachment-11069\" style=\"width: 400px\" class=\"wp-caption aligncenter\"><img loading=\"lazy\" decoding=\"async\" class=\"wp-image-11069 size-full\" src=\"http:\/\/www.atecordoba.org\/wp-content\/uploads\/2019\/04\/TRABAJO-3-e1554837993607.jpg\" alt=\"\" width=\"400\" height=\"533\"><figcaption id=\"caption-attachment-11069\" class=\"wp-caption-text\">Escaleras a oscuras por falta de iluminaci\u00f3n.<\/figcaption><\/figure><\/dd>\n","protected":false},"excerpt":{"rendered":"<p>Los trabajadores de la Agencia Territorial C\u00f3rdoba, delegaci\u00f3n del Ministerio de Producci\u00f3n y Trabajo de la Naci\u00f3n, realizaron una serie de denuncias a los fines que el organismo cumpla con la normativa de higiene y seguridad en el trabajo y garantice adecuadas condiciones de trabajo, debido a la alarmante situaci\u00f3n edilicia que sufre la sede [&hellip;]<\/p>\n","protected":false},"author":1,"featured_media":19220,"comment_status":"open","ping_status":"open","sticky":false,"template":"","format":"standard","meta":{"_exactmetrics_skip_tracking":false,"_exactmetrics_sitenote_active":false,"_exactmetrics_sitenote_note":"","_exactmetrics_sitenote_category":0,"jnews-multi-image_gallery":[],"jnews_single_post":[],"jnews_primary_category":[],"jnews_social_meta":[],"jnews_review":[],"enable_review":"","type":"","name":"","summary":"","brand":"","sku":"","good":[],"bad":[],"score_override":"","override_value":"","rating":[],"price":[],"jnews_override_counter":[],"jnews_post_split":[],"footnotes":""},"categories":[107],"tags":[],"class_list":["post-11063","post","type-post","status-publish","format-standard","has-post-thumbnail","hentry","category-ministerio-de-trabajo"],"jetpack_featured_media_url":"https:\/\/atecordoba.org\/wp-content\/uploads\/2020\/05\/logo-nuevochico-e1561581322808.png","_links":{"self":[{"href":"https:\/\/atecordoba.org\/index.php?rest_route=\/wp\/v2\/posts\/11063","targetHints":{"allow":["GET"]}}],"collection":[{"href":"https:\/\/atecordoba.org\/index.php?rest_route=\/wp\/v2\/posts"}],"about":[{"href":"https:\/\/atecordoba.org\/index.php?rest_route=\/wp\/v2\/types\/post"}],"author":[{"embeddable":true,"href":"https:\/\/atecordoba.org\/index.php?rest_route=\/wp\/v2\/users\/1"}],"replies":[{"embeddable":true,"href":"https:\/\/atecordoba.org\/index.php?rest_route=%2Fwp%2Fv2%2Fcomments&post=11063"}],"version-history":[{"count":0,"href":"https:\/\/atecordoba.org\/index.php?rest_route=\/wp\/v2\/posts\/11063\/revisions"}],"wp:featuredmedia":[{"embeddable":true,"href":"https:\/\/atecordoba.org\/index.php?rest_route=\/wp\/v2\/media\/19220"}],"wp:attachment":[{"href":"https:\/\/atecordoba.org\/index.php?rest_route=%2Fwp%2Fv2%2Fmedia&parent=11063"}],"wp:term":[{"taxonomy":"category","embeddable":true,"href":"https:\/\/atecordoba.org\/index.php?rest_route=%2Fwp%2Fv2%2Fcategories&post=11063"},{"taxonomy":"post_tag","embeddable":true,"href":"https:\/\/atecordoba.org\/index.php?rest_route=%2Fwp%2Fv2%2Ftags&post=11063"}],"curies":[{"name":"wp","href":"https:\/\/api.w.org\/{rel}","templated":true}]}}