{"id":11058,"date":"2019-04-09T15:09:54","date_gmt":"2019-04-09T18:09:54","guid":{"rendered":"http:\/\/www.atecordoba.org\/?p=11058"},"modified":"2019-04-09T15:09:54","modified_gmt":"2019-04-09T18:09:54","slug":"10-de-abril-dia-de-la-ciencia-los-cientificos-en-la-calle-defendiendo-la-ciencia-nacional","status":"publish","type":"post","link":"https:\/\/atecordoba.org\/?p=11058","title":{"rendered":"10 de abril D\u00eda de la Ciencia: los cient\u00edficos en la calle defendiendo la Ciencia Nacional"},"content":{"rendered":"<p><em>ATE convoca a acompa\u00f1ar &nbsp;la actividad de difusi\u00f3n que trabajadores de Conicet, doctores, investigadores y becarios de las distintas ramas del organismo cient\u00edfico realizar\u00e1n ma\u00f1ana para concientizar a la comunidad sobre el estado de abandono y desfinanciameinto que subre el sector. La protesta se llevara a cabo en la Plaza del Fundador desde la 10 horas.<\/em><\/p>\n<p><img loading=\"lazy\" decoding=\"async\" class=\"aligncenter size-full wp-image-11059\" src=\"http:\/\/www.atecordoba.org\/wp-content\/uploads\/2019\/04\/bandera-ate-conicet.jpg\" alt=\"\" width=\"480\" height=\"340\"><\/p>\n<p>El evento es abierto a toda la comunidad cordobesa. Habr\u00e1 semaforeadas, intervenciones art\u00edsticas y stands cient\u00edficos a cargo de becarias\/os, investigadoras\/es, personal de apoyo y administrativas\/os del Consejo Nacional de Investigaciones Cient\u00edficas y T\u00e9cnicas (CONICET).<\/p>\n<p>El 10 de abril se celebra en Argentina el D\u00eda del Investigador Cient\u00edfico, y a nivel internacional el D\u00eda Mundial de la Ciencia y la Tecnolog\u00eda, en honor al nacimiento del doctor Bernardo Houssay en 1887. Farmac\u00e9utico y m\u00e9dico graduado de la Universidad de Buenos Aires, Houssay alcanz\u00f3 renombre internacional en las \u00e1reas de fisiolog\u00eda y endocrinolog\u00eda. Su trabajo sobre el rol de las hormonas pituitarias en la regulaci\u00f3n de la cantidad de az\u00facar en sangre le vali\u00f3 el Premio Nobel de Medicina en 1947. Fue el primer latinoamericano en obtener dicho galard\u00f3n en ciencias. Asimismo, fund\u00f3 numerosos institutos de investigaci\u00f3n y asociaciones cient\u00edficas en Argentina, y fue el primer presidente del CONICET desde la creaci\u00f3n del organismo en 1958 hasta 1971.<\/p>\n<p><img loading=\"lazy\" decoding=\"async\" class=\"aligncenter size-full wp-image-11060\" src=\"http:\/\/www.atecordoba.org\/wp-content\/uploads\/2019\/04\/relacion-inversion-en-cyt_pbi-e1554833349317.jpg\" alt=\"\" width=\"550\" height=\"360\"><\/p>\n<p>El CONICET es el principal organismo dedicado a promover el desarrollo de la ciencia y de la tecnolog\u00eda en la Argentina. En los \u00faltimos a\u00f1os, los salarios de sus trabajadoras y trabajadores y los estipendios de sus becarias y becarios han sufrido un profundo y sostenido recorte. Actualmente, muchas remuneraciones dentro del \u00e1mbito cient\u00edfico se sit\u00faan por debajo de la l\u00ednea de pobreza. A esto se suma la disminuci\u00f3n del n\u00famero de ingresos a la Carrera del Investigador Cient\u00edfico (CIC), las serias dificultades para efectivizar en tiempo y forma los ingresos a la Carrera del Personal de Apoyo (CPA) y la imposibilidad de renovar los cargos del plantel t\u00e9cnico-administrativo que constantemente se pierden, en muchos casos por renuncias a causa de los bajos salarios y precarios contratos. noalajuste encienciay t\u00e9cnica 10 de abril, D\u00eda Mundial de la Ciencia y la Tecnolog\u00eda &#8211; D\u00eda del Investigador Cient\u00edfico Asimismo, los fondos para funcionamiento, infraestructura y financiaci\u00f3n de la investigaci\u00f3n y sus tareas subsidiarias han disminuido dr\u00e1sticamente. El recorte es agravado por la inflaci\u00f3n y la devaluaci\u00f3n del peso frente al d\u00f3lar. A estos factores econ\u00f3micos se suman otros pol\u00edtico-institucionales, como la desjerarquizaci\u00f3n del ex-Ministerio de Ciencia, Tecnolog\u00eda e Innovaci\u00f3n Productiva, relegado al rango de Secretar\u00eda en el a\u00f1o 2018.<\/p>\n<p>Todo esto ha minado la capacidad del CONICET de promover la producci\u00f3n cient\u00edfica, el desarrollo tecnol\u00f3gico y la innovaci\u00f3n en procesos productivos, mientras que muchos institutos apenas alcanzan a cubrir sus gastos b\u00e1sicos de servicios, higiene y seguridad. Ante esta realidad, las condiciones de trabajo y la calidad de vida de los trabajadores de CyT en el pa\u00eds se deterioran cada vez m\u00e1s. Una encuesta realizada por la Red de Intermediarios de Unidades Ejecutoras C\u00f3rdoba revela que el 70,3% del personal de CONICET en la ciudad ha sufrido afecciones emocionales o f\u00edsicas atribuidas a la situaci\u00f3n actual del sistema cient\u00edfico.<img loading=\"lazy\" decoding=\"async\" class=\"aligncenter size-full wp-image-11061\" src=\"http:\/\/www.atecordoba.org\/wp-content\/uploads\/2019\/04\/palabras-clave-e1554833371127.jpg\" alt=\"\" width=\"550\" height=\"288\"><\/p>\n<p>&nbsp;<\/p>\n<p>Para hacer frente a las continuas medidas de ajuste sobre ciencia, tecnolog\u00eda y educaci\u00f3n, para defender los derechos de trabajadores y trabajadoras del \u00e1rea, y para poner un freno al desmantelamiento del sistema cient\u00edfico-tecnol\u00f3gico nacional, toda la sociedad queda invitada a asistir y difundir el evento por el D\u00eda Mundial de la Ciencia y la Tecnolog\u00eda y el D\u00eda del Investigador Cient\u00edfico.<\/p>\n","protected":false},"excerpt":{"rendered":"<p>ATE convoca a acompa\u00f1ar &nbsp;la actividad de difusi\u00f3n que trabajadores de Conicet, doctores, investigadores y becarios de las distintas ramas del organismo cient\u00edfico realizar\u00e1n ma\u00f1ana para concientizar a la comunidad sobre el estado de abandono y desfinanciameinto que subre el sector. La protesta se llevara a cabo en la Plaza del Fundador desde la 10 [&hellip;]<\/p>\n","protected":false},"author":1,"featured_media":19220,"comment_status":"open","ping_status":"open","sticky":false,"template":"","format":"standard","meta":{"_exactmetrics_skip_tracking":false,"_exactmetrics_sitenote_active":false,"_exactmetrics_sitenote_note":"","_exactmetrics_sitenote_category":0,"jnews-multi-image_gallery":[],"jnews_single_post":[],"jnews_primary_category":[],"jnews_social_meta":[],"jnews_review":[],"enable_review":"","type":"","name":"","summary":"","brand":"","sku":"","good":[],"bad":[],"score_override":"","override_value":"","rating":[],"price":[],"jnews_override_counter":[],"jnews_post_split":[],"footnotes":""},"categories":[1],"tags":[],"class_list":["post-11058","post","type-post","status-publish","format-standard","has-post-thumbnail","hentry","category-sin-categoria"],"jetpack_featured_media_url":"https:\/\/atecordoba.org\/wp-content\/uploads\/2020\/05\/logo-nuevochico-e1561581322808.png","_links":{"self":[{"href":"https:\/\/atecordoba.org\/index.php?rest_route=\/wp\/v2\/posts\/11058","targetHints":{"allow":["GET"]}}],"collection":[{"href":"https:\/\/atecordoba.org\/index.php?rest_route=\/wp\/v2\/posts"}],"about":[{"href":"https:\/\/atecordoba.org\/index.php?rest_route=\/wp\/v2\/types\/post"}],"author":[{"embeddable":true,"href":"https:\/\/atecordoba.org\/index.php?rest_route=\/wp\/v2\/users\/1"}],"replies":[{"embeddable":true,"href":"https:\/\/atecordoba.org\/index.php?rest_route=%2Fwp%2Fv2%2Fcomments&post=11058"}],"version-history":[{"count":0,"href":"https:\/\/atecordoba.org\/index.php?rest_route=\/wp\/v2\/posts\/11058\/revisions"}],"wp:featuredmedia":[{"embeddable":true,"href":"https:\/\/atecordoba.org\/index.php?rest_route=\/wp\/v2\/media\/19220"}],"wp:attachment":[{"href":"https:\/\/atecordoba.org\/index.php?rest_route=%2Fwp%2Fv2%2Fmedia&parent=11058"}],"wp:term":[{"taxonomy":"category","embeddable":true,"href":"https:\/\/atecordoba.org\/index.php?rest_route=%2Fwp%2Fv2%2Fcategories&post=11058"},{"taxonomy":"post_tag","embeddable":true,"href":"https:\/\/atecordoba.org\/index.php?rest_route=%2Fwp%2Fv2%2Ftags&post=11058"}],"curies":[{"name":"wp","href":"https:\/\/api.w.org\/{rel}","templated":true}]}}