{"id":11055,"date":"2019-04-08T13:50:56","date_gmt":"2019-04-08T16:50:56","guid":{"rendered":"http:\/\/www.atecordoba.org\/?p=11055"},"modified":"2019-04-08T13:50:56","modified_gmt":"2019-04-08T16:50:56","slug":"muestra-fotografica-el-monte-campesino","status":"publish","type":"post","link":"https:\/\/atecordoba.org\/?p=11055","title":{"rendered":"Muestra fotogr\u00e1fica: el monte campesino"},"content":{"rendered":"<p><em>Establecimientos campesinos de Traslasierra retratados por la fot\u00f3grafa Julieta Quir\u00f3s conforman una exposici\u00f3n que estar\u00e1 abierta al p\u00fablico hasta fin de mes en el Museo de Antropolog\u00eda. Entrada libre y gratuita. La apertura ser\u00e1 el pr\u00f3ximo 12 de abril.<\/em><\/p>\n<p><img loading=\"lazy\" decoding=\"async\" class=\"aligncenter size-full wp-image-11056\" src=\"http:\/\/www.atecordoba.org\/wp-content\/uploads\/2019\/04\/campesinos-e1554742167139.jpg\" alt=\"\" width=\"550\" height=\"413\"><\/p>\n","protected":false},"excerpt":{"rendered":"<p>Establecimientos campesinos de Traslasierra retratados por la fot\u00f3grafa Julieta Quir\u00f3s conforman una exposici\u00f3n que estar\u00e1 abierta al p\u00fablico hasta fin de mes en el Museo de Antropolog\u00eda. Entrada libre y gratuita. La apertura ser\u00e1 el pr\u00f3ximo 12 de abril.<\/p>\n","protected":false},"author":1,"featured_media":19220,"comment_status":"open","ping_status":"open","sticky":false,"template":"","format":"standard","meta":{"_exactmetrics_skip_tracking":false,"_exactmetrics_sitenote_active":false,"_exactmetrics_sitenote_note":"","_exactmetrics_sitenote_category":0,"jnews-multi-image_gallery":[],"jnews_single_post":[],"jnews_primary_category":[],"jnews_social_meta":[],"jnews_review":[],"enable_review":"","type":"","name":"","summary":"","brand":"","sku":"","good":[],"bad":[],"score_override":"","override_value":"","rating":[],"price":[],"jnews_override_counter":[],"jnews_post_split":[],"footnotes":""},"categories":[10],"tags":[],"class_list":["post-11055","post","type-post","status-publish","format-standard","has-post-thumbnail","hentry","category-accion-politica"],"jetpack_featured_media_url":"https:\/\/atecordoba.org\/wp-content\/uploads\/2020\/05\/logo-nuevochico-e1561581322808.png","_links":{"self":[{"href":"https:\/\/atecordoba.org\/index.php?rest_route=\/wp\/v2\/posts\/11055","targetHints":{"allow":["GET"]}}],"collection":[{"href":"https:\/\/atecordoba.org\/index.php?rest_route=\/wp\/v2\/posts"}],"about":[{"href":"https:\/\/atecordoba.org\/index.php?rest_route=\/wp\/v2\/types\/post"}],"author":[{"embeddable":true,"href":"https:\/\/atecordoba.org\/index.php?rest_route=\/wp\/v2\/users\/1"}],"replies":[{"embeddable":true,"href":"https:\/\/atecordoba.org\/index.php?rest_route=%2Fwp%2Fv2%2Fcomments&post=11055"}],"version-history":[{"count":0,"href":"https:\/\/atecordoba.org\/index.php?rest_route=\/wp\/v2\/posts\/11055\/revisions"}],"wp:featuredmedia":[{"embeddable":true,"href":"https:\/\/atecordoba.org\/index.php?rest_route=\/wp\/v2\/media\/19220"}],"wp:attachment":[{"href":"https:\/\/atecordoba.org\/index.php?rest_route=%2Fwp%2Fv2%2Fmedia&parent=11055"}],"wp:term":[{"taxonomy":"category","embeddable":true,"href":"https:\/\/atecordoba.org\/index.php?rest_route=%2Fwp%2Fv2%2Fcategories&post=11055"},{"taxonomy":"post_tag","embeddable":true,"href":"https:\/\/atecordoba.org\/index.php?rest_route=%2Fwp%2Fv2%2Ftags&post=11055"}],"curies":[{"name":"wp","href":"https:\/\/api.w.org\/{rel}","templated":true}]}}