{"id":11052,"date":"2019-04-08T13:13:04","date_gmt":"2019-04-08T16:13:04","guid":{"rendered":"http:\/\/www.atecordoba.org\/?p=11052"},"modified":"2019-04-08T13:13:04","modified_gmt":"2019-04-08T16:13:04","slug":"7-de-abril-dia-mundial-de-la-salud-la-flota-de-la-vida-digna","status":"publish","type":"post","link":"https:\/\/atecordoba.org\/?p=11052","title":{"rendered":"7 de abril, D\u00eda Mundial de la Salud: La flota de la vida digna"},"content":{"rendered":"<p style=\"font-weight: 400;\"><em>Ayer se cumpli\u00f3 el D\u00eda Munidal de la Salud. Brindamos una lectura en sentido de homenaje a los luchadores por un sistema sanitario publico, estatal, gratuito y de calidad.<\/em><\/p>\n<p style=\"font-weight: 400;\">Por Flavio Vergara, vocal del CDN<\/p>\n<p style=\"font-weight: 400;\">&nbsp;<img loading=\"lazy\" decoding=\"async\" class=\"aligncenter size-full wp-image-11053\" src=\"http:\/\/www.atecordoba.org\/wp-content\/uploads\/2019\/04\/ATE-SALUD.jpg\" alt=\"\" width=\"480\" height=\"480\"><\/p>\n<p style=\"font-weight: 400;\">En una charla en \u201cel tugurio\u201d con el maestro Osvaldo Bayer con motivo de los 10 a\u00f1os de la toma del Instituto Malbr\u00e1n en la que en 1996 \u00e9l nos acompa\u00f1\u00f3, Osvaldo nos dec\u00eda que cuando estaba internado en el hospital de Berl\u00edn, Alemania, trat\u00e1ndose de su enfermedad, ve\u00eda el hospital como un barco, con sus ventanas iluminadas en la inmensidad de la noche y su actividad permanente.<\/p>\n<p style=\"font-weight: 400;\">Esa mirada nos impuls\u00f3 a construir la visi\u00f3n del sistema de salud como una flota anclada en todo el territorio nacional, con el degradado Ministerio de Salud como comando en jefe y con poderosos acorazados como el Hospital Posadas, el Garrahan, el Cruce y con naves cient\u00edficas como la Anlis MALBRAN y la ANMAT y con cientos de Hospitales nacionales, provinciales y municipales, salas de atenci\u00f3n primaria, de emergencias y unidades m\u00f3viles.<\/p>\n<p style=\"font-weight: 400;\">Una mir\u00edada de barcos y peque\u00f1os botes anclados en tierra firme con sus tripulaciones, las trabajadoras y trabajadores de la salud combatiendo contra la enfermedad<\/p>\n<p style=\"font-weight: 400;\">Esta flota navega en direcci\u00f3n y a la velocidad de las pol\u00edticas que la impulsan. Cu\u00e1ndo, como ahora, soplan vientos neoliberales, de saqueo y acumulaci\u00f3n en pocas manos, se trabaja capeando el temporal, inmersos en la crisis.<\/p>\n<p style=\"font-weight: 400;\">Y entonces la flota hace agua, apenas atendiendo a los millones de nuevos empobrecidos , desocupados e indigentes , las v\u00edctimas del naufragio social, que las pol\u00edticas de ajuste de un gobierno sometido a los dictados del Fondo Monetario Internacional implementan, casi sin presupuesto , sin insumos, en condiciones edilicias peligrosas, insalubres, con la tripulaci\u00f3n empobrecida, precarizada, diezmada por los despidos y s\u00f3lo dando respuesta a la cada vez m\u00e1s creciente demanda de acciones para combatir contra la enfermedad y restablecer la salud perdida o no logrando dar respuesta a la totalidad de las necesidades de nuestro pueblo.<\/p>\n<p style=\"font-weight: 400;\">Las trabajadoras y trabajadores de salud somos parte del pueblo al que atendemos, por eso estamos indisolublemente ligados en nuestra suerte.<\/p>\n<p style=\"font-weight: 400;\">Si no logramos construir esa unidad, vamos hacia una pelea fratricida entre trabajadores sin recursos y pacientes sin respuesta, como hoy sucede en algunas guardias.<\/p>\n<p style=\"font-weight: 400;\">La necesidad de recuperar la Salud comunitaria, de consolidar el Derecho a dar y recibir atenci\u00f3n en condiciones dignas es una tarea de toda la comunidad.<\/p>\n<p style=\"font-weight: 400;\">Las acciones de prevenci\u00f3n, de atenci\u00f3n primaria, la producci\u00f3n p\u00fablica de medicamentos, sueros y vacunas, la capacitaci\u00f3n permanente, los promotores de salud, son los Pilares de una salud popular que se pueden y se deben recuperar.<\/p>\n<p style=\"font-weight: 400;\">Para esto tenemos la urgencia de cambiar la direcci\u00f3n del viento. Necesitamos que el viento sople a favor del pueblo, viento Sur, de justicia, independencia y soberan\u00eda.<\/p>\n<p style=\"font-weight: 400;\">Recuperar el Sentido y el rumbo es la condici\u00f3n necesaria e imprescindible para lograr nuestros objetivos.<\/p>\n<p style=\"font-weight: 400;\">Que la salud sea p\u00fablica gratuita y de calidad.<\/p>\n<p style=\"font-weight: 400;\">Que la salud sea de verdad un derecho del pueblo y un deber del estado a garantizar.<\/p>\n<p style=\"font-weight: 400;\">Que todas y todos los trabajadores de salud del pa\u00eds tengamos una carrera sanitaria \u00fanica donde se respete y valore nuestro profesionalismo, donde a igual tarea percibamos igual remuneraci\u00f3n.<\/p>\n<p style=\"font-weight: 400;\">Cuando Ram\u00f3n Carrillo, el padre de la salud p\u00fablica dec\u00eda que, \u201cfrente a las enfermedades que genera la miseria, frente a la tristeza, la angustia y el infortunio social de los pueblos, los microbios, como causas de enfermedad, son unas pobres causas\u201d, nos marcaba el camino que alumbrar\u00eda el doctor Mario Testa cuando nos ense\u00f1aba que una sociedad sana es la que pelea por sus mejores condiciones de vida.<\/p>\n<p style=\"font-weight: 400;\">Debemos comprender qu\u00e9 necesitamos Construir la mayor unidad de las y los trabajadores de todo el equipo de salud y de la comunidad para poder triunfar en esta batalla.<\/p>\n<p style=\"font-weight: 400;\">Cuando cada barco libra s\u00f3lo la batalla est\u00e1 se transforma en un combate por la sobrevivencia, por los v\u00edveres y por mantenerse a flote.<\/p>\n<p style=\"font-weight: 400;\">Hace falta un comando para trazar los objetivos y el rumbo de esta batalla por la vida. Tenemos la obligaci\u00f3n de poder articular con la comunidad que se atiende en el sistema de salud p\u00fablica, a la que le brindamos cotidianamente Nuestra fuerza de trabajo y nuestro compromiso y entender de una vez que nosotros, los trabajadores y trabajadoras somos el viento qu\u00e9 cambia el rumbo de la historia.<\/p>\n<p style=\"font-weight: 400;\">El destino de la salud p\u00fablica al servicio del pueblo est\u00e1 en juego, tenemos la obligaci\u00f3n de lograr que esta flota sanitaria libre esta batalla para devolverle la dignidad y la felicidad a nuestro pueblo y a nuestra patria.<\/p>\n","protected":false},"excerpt":{"rendered":"<p>Ayer se cumpli\u00f3 el D\u00eda Munidal de la Salud. Brindamos una lectura en sentido de homenaje a los luchadores por un sistema sanitario publico, estatal, gratuito y de calidad. Por Flavio Vergara, vocal del CDN &nbsp; En una charla en \u201cel tugurio\u201d con el maestro Osvaldo Bayer con motivo de los 10 a\u00f1os de la [&hellip;]<\/p>\n","protected":false},"author":1,"featured_media":19220,"comment_status":"open","ping_status":"open","sticky":false,"template":"","format":"standard","meta":{"_exactmetrics_skip_tracking":false,"_exactmetrics_sitenote_active":false,"_exactmetrics_sitenote_note":"","_exactmetrics_sitenote_category":0,"jnews-multi-image_gallery":[],"jnews_single_post":[],"jnews_primary_category":[],"jnews_social_meta":[],"jnews_review":[],"enable_review":"","type":"","name":"","summary":"","brand":"","sku":"","good":[],"bad":[],"score_override":"","override_value":"","rating":[],"price":[],"jnews_override_counter":[],"jnews_post_split":[],"footnotes":""},"categories":[102],"tags":[],"class_list":["post-11052","post","type-post","status-publish","format-standard","has-post-thumbnail","hentry","category-salud-2"],"jetpack_featured_media_url":"https:\/\/atecordoba.org\/wp-content\/uploads\/2020\/05\/logo-nuevochico-e1561581322808.png","_links":{"self":[{"href":"https:\/\/atecordoba.org\/index.php?rest_route=\/wp\/v2\/posts\/11052","targetHints":{"allow":["GET"]}}],"collection":[{"href":"https:\/\/atecordoba.org\/index.php?rest_route=\/wp\/v2\/posts"}],"about":[{"href":"https:\/\/atecordoba.org\/index.php?rest_route=\/wp\/v2\/types\/post"}],"author":[{"embeddable":true,"href":"https:\/\/atecordoba.org\/index.php?rest_route=\/wp\/v2\/users\/1"}],"replies":[{"embeddable":true,"href":"https:\/\/atecordoba.org\/index.php?rest_route=%2Fwp%2Fv2%2Fcomments&post=11052"}],"version-history":[{"count":0,"href":"https:\/\/atecordoba.org\/index.php?rest_route=\/wp\/v2\/posts\/11052\/revisions"}],"wp:featuredmedia":[{"embeddable":true,"href":"https:\/\/atecordoba.org\/index.php?rest_route=\/wp\/v2\/media\/19220"}],"wp:attachment":[{"href":"https:\/\/atecordoba.org\/index.php?rest_route=%2Fwp%2Fv2%2Fmedia&parent=11052"}],"wp:term":[{"taxonomy":"category","embeddable":true,"href":"https:\/\/atecordoba.org\/index.php?rest_route=%2Fwp%2Fv2%2Fcategories&post=11052"},{"taxonomy":"post_tag","embeddable":true,"href":"https:\/\/atecordoba.org\/index.php?rest_route=%2Fwp%2Fv2%2Ftags&post=11052"}],"curies":[{"name":"wp","href":"https:\/\/api.w.org\/{rel}","templated":true}]}}