{"id":11040,"date":"2019-04-02T18:54:50","date_gmt":"2019-04-02T21:54:50","guid":{"rendered":"http:\/\/www.atecordoba.org\/?p=11040"},"modified":"2019-04-02T18:54:50","modified_gmt":"2019-04-02T21:54:50","slug":"2-de-abril-ate-lanza-la-campana-por-la-defensa-nacional","status":"publish","type":"post","link":"https:\/\/atecordoba.org\/?p=11040","title":{"rendered":"2 de abril: ATE lanza la Campa\u00f1a por la Defensa Nacional"},"content":{"rendered":"<p class=\"copete\"><em>Se inici\u00f3 con actividades en todo el pa\u00eds en la fecha que recuerda a los h\u00e9roes de Malvinas.<\/em><\/p>\n<div class=\"epyt-video-wrapper\"><iframe loading=\"lazy\"  style=\"display: block; margin: 0px auto;\"  id=\"_ytid_13366\"  width=\"480\" height=\"270\"  data-origwidth=\"480\" data-origheight=\"270\" src=\"https:\/\/www.youtube.com\/embed\/8C3Gd80BPYM?enablejsapi=1&#038;autoplay=0&#038;cc_load_policy=0&#038;cc_lang_pref=&#038;iv_load_policy=3&#038;loop=0&#038;rel=0&#038;fs=1&#038;playsinline=0&#038;autohide=2&#038;theme=dark&#038;color=red&#038;controls=1&#038;disablekb=0&#038;\" class=\"__youtube_prefs__  epyt-is-override  no-lazyload\" title=\"YouTube player\"  allow=\"fullscreen; accelerometer; autoplay; clipboard-write; encrypted-media; gyroscope; picture-in-picture; web-share\" referrerpolicy=\"strict-origin-when-cross-origin\" allowfullscreen data-no-lazy=\"1\" data-skipgform_ajax_framebjll=\"\"><\/iframe><\/div>\n<p>La semana pasada, en el Consejo Directivo Nacional de ATE se llev\u00f3 adelante una nueva reuni\u00f3n de delegados y delegadas de ATE de Fabricaciones Militares, Civiles de las Fuerzas Armadas, Astilleros R\u00edo Santiago y CITEDEF, en la que se defini\u00f3 presentar, en el D\u00eda del Veterano y de los Ca\u00eddos de Malvinas, la Campa\u00f1a por la Defensa Nacional.<\/p>\n<div id=\"over-video\">\n<p style=\"font-weight: 400;\">La misma busca alertar sobre el estado de indefensi\u00f3n de nuestro territorio y nuestros bienes comunes, y constar\u00e1 de distintas actividades gremiales, charlas e iniciativas legislativas y pol\u00edticas.<\/p>\n<p style=\"font-weight: 400;\">Orestes Galeano, quien particip\u00f3 del encuentro en representaci\u00f3n del CDN junto a Marcelo De Rito, explic\u00f3: \u201cCon estado de indefensi\u00f3n nos referimos a que tenemos, primero, un problema doctrinario. Y para eso habr\u00eda que recordar Informe Rattenbach sobre la guerra de Malvinas, que concluye que hay una absoluta falencia en la planificaci\u00f3n y en cuestiones estrat\u00e9gicas. Tenemos que recordar que el general Galtieri fue formado en Escuela de las Am\u00e9ricas. El imperio yanqui form\u00f3 a esa clase de militares que no solo hac\u00edan golpes de Estado, sino que eran incapaces de defendernos y realizar una guerra contra una potencia extranjera. Hoy en d\u00eda hay una parte de los militares a los que les sigue cayendo simp\u00e1tico seguir las instrucciones de militares norteamericanos, pero hay otros que por lo bajo reniegan de eso\u201d.<\/p>\n<p><img loading=\"lazy\" decoding=\"async\" class=\"aligncenter size-full wp-image-11041\" src=\"http:\/\/www.atecordoba.org\/wp-content\/uploads\/2019\/04\/ate-e1554241931481.jpg\" alt=\"\" width=\"550\" height=\"367\"><\/p>\n<p style=\"font-weight: 400;\">Y subray\u00f3: \u201cLos trabajadores que aportamos a la defensa nacional pretendemos que se retome una doctrina basada en la que fundi\u00f3 el general Per\u00f3n, de no solo defender el territorio, sino los bienes comunes, el desarrollo tecnol\u00f3gico propio, la producci\u00f3n propia para la defensa\u201d.<\/p>\n<p style=\"font-weight: 400;\">&nbsp;\u201cEntendemos que, como dec\u00eda Per\u00f3n, el problema de la defensa no le ata\u00f1e solo a los militares. En ese marco pretendemos empezar a discutir cu\u00e1l es la defensa nacional qu\u00e9 queremos y necesitamos, c\u00f3mo defender nuestro territorio y nuestros bienes comunes\u201d, precis\u00f3.<\/p>\n<p style=\"font-weight: 400;\">El dirigente puntualiz\u00f3 que el mar es uno de los recursos m\u00e1s expuestos a la depredaci\u00f3n por parte de potencias extranjeras. As\u00ed, el 90% de la flota argentina no recibi\u00f3 el mantenimiento necesario.<\/p>\n<p style=\"font-weight: 400;\">Otros &nbsp;datos que hablan del estado de indefensi\u00f3n: en Fabricaciones Militares hace 4 a\u00f1os que no se entregan municiones de&nbsp; grueso calibre, mientras, &nbsp;en los institutos militares se est\u00e1n reduciendo las horas c\u00e1tedra y en el CITEDEF, &nbsp;los trabajos de investigaci\u00f3n m\u00e1s importantes&nbsp; est\u00e1n suspendidos y s\u00f3lo se aprob\u00f3 el 20% de los trabajos presentados. O sea, el desarrollo de tecnolog\u00eda propia para la Defensa est\u00e1 paralizado. En el presupuesto 2019 del Ej\u00e9rcito est\u00e1 contemplado solo un d\u00eda para hacer ejercicio t\u00e1ctico en el terreno.<\/p>\n<p style=\"font-weight: 400;\">\u201cCon esta no practica no puede haber Ej\u00e9rcito profesional ni milicias&nbsp; populares que defiendan a la Naci\u00f3n, estamos en total estado de abandono\u201d, alert\u00f3 Galeano y se\u00f1al\u00f3: \u201cNo es solo un problema de recursos, no hay un proyecto de defensa nacional. Y esto no solo le compete al gobierno de turno sino que debe ser una pol\u00edtica de Estado\u201d.<\/p>\n<p style=\"font-weight: 400;\">Al final de la reuni\u00f3n, se realiz\u00f3 una charla con Gustavo Lahoud, miembro del IPIP y especialista en pol\u00edtica internacional, quien abord\u00f3 estos temas e hizo un repaso de los sistemas de defensa en distintos pa\u00edses.<\/p>\n<p style=\"font-weight: 400;\"><b><strong style=\"font-style: inherit;\">Actividades<\/strong><\/b><\/p>\n<p style=\"font-weight: 400;\">-2 de abril: Iniciar el debate sobre qu\u00e9 defensa nacional necesitamos, en el marco del D\u00eda del Veterano y de los Ca\u00eddos de Malvinas, con actividades en cada lugar.<\/p>\n<p style=\"font-weight: 400;\">-4 de abril: En coincidencia con la marcha por la producci\u00f3n y la soberan\u00eda, hay pedido de varios bloques que se trata en sesi\u00f3n especial dos leyes que tienen que ver con Fabricaciones Militares. La primera que fija las reincorporaciones y la creaci\u00f3n de una comisi\u00f3n de reactivaci\u00f3n de FM ( que incluye a ATE) ya tiene media sanci\u00f3n de Senadores. La otra es el proyecto de derogaci\u00f3n de creaci\u00f3n de FM Sociedad del Estado. De no realizarse la sesi\u00f3n especial, continuar\u00e1n las acciones en las C\u00e1maras.<\/p>\n<p style=\"font-weight: 400;\">&#8211; Jornada sobre Defensa Nacional en ATE, invitando a distintos bloques de senadores y diputados.&nbsp;<\/p>\n<\/div>\n","protected":false},"excerpt":{"rendered":"<p>Se inici\u00f3 con actividades en todo el pa\u00eds en la fecha que recuerda a los h\u00e9roes de Malvinas. La semana pasada, en el Consejo Directivo Nacional de ATE se llev\u00f3 adelante una nueva reuni\u00f3n de delegados y delegadas de ATE de Fabricaciones Militares, Civiles de las Fuerzas Armadas, Astilleros R\u00edo Santiago y CITEDEF, en la [&hellip;]<\/p>\n","protected":false},"author":1,"featured_media":19220,"comment_status":"open","ping_status":"open","sticky":false,"template":"","format":"standard","meta":{"_exactmetrics_skip_tracking":false,"_exactmetrics_sitenote_active":false,"_exactmetrics_sitenote_note":"","_exactmetrics_sitenote_category":0,"jnews-multi-image_gallery":[],"jnews_single_post":[],"jnews_primary_category":[],"jnews_social_meta":[],"jnews_review":[],"enable_review":"","type":"","name":"","summary":"","brand":"","sku":"","good":[],"bad":[],"score_override":"","override_value":"","rating":[],"price":[],"jnews_override_counter":[],"jnews_post_split":[],"footnotes":""},"categories":[10,17],"tags":[],"class_list":["post-11040","post","type-post","status-publish","format-standard","has-post-thumbnail","hentry","category-accion-politica","category-fabricaciones-militares"],"jetpack_featured_media_url":"https:\/\/atecordoba.org\/wp-content\/uploads\/2020\/05\/logo-nuevochico-e1561581322808.png","_links":{"self":[{"href":"https:\/\/atecordoba.org\/index.php?rest_route=\/wp\/v2\/posts\/11040","targetHints":{"allow":["GET"]}}],"collection":[{"href":"https:\/\/atecordoba.org\/index.php?rest_route=\/wp\/v2\/posts"}],"about":[{"href":"https:\/\/atecordoba.org\/index.php?rest_route=\/wp\/v2\/types\/post"}],"author":[{"embeddable":true,"href":"https:\/\/atecordoba.org\/index.php?rest_route=\/wp\/v2\/users\/1"}],"replies":[{"embeddable":true,"href":"https:\/\/atecordoba.org\/index.php?rest_route=%2Fwp%2Fv2%2Fcomments&post=11040"}],"version-history":[{"count":0,"href":"https:\/\/atecordoba.org\/index.php?rest_route=\/wp\/v2\/posts\/11040\/revisions"}],"wp:featuredmedia":[{"embeddable":true,"href":"https:\/\/atecordoba.org\/index.php?rest_route=\/wp\/v2\/media\/19220"}],"wp:attachment":[{"href":"https:\/\/atecordoba.org\/index.php?rest_route=%2Fwp%2Fv2%2Fmedia&parent=11040"}],"wp:term":[{"taxonomy":"category","embeddable":true,"href":"https:\/\/atecordoba.org\/index.php?rest_route=%2Fwp%2Fv2%2Fcategories&post=11040"},{"taxonomy":"post_tag","embeddable":true,"href":"https:\/\/atecordoba.org\/index.php?rest_route=%2Fwp%2Fv2%2Ftags&post=11040"}],"curies":[{"name":"wp","href":"https:\/\/api.w.org\/{rel}","templated":true}]}}