{"id":11035,"date":"2019-04-01T12:36:41","date_gmt":"2019-04-01T15:36:41","guid":{"rendered":"http:\/\/www.atecordoba.org\/?p=11035"},"modified":"2019-04-01T12:36:41","modified_gmt":"2019-04-01T15:36:41","slug":"ate-inauguro-la-sede-de-adelia-maria","status":"publish","type":"post","link":"https:\/\/atecordoba.org\/?p=11035","title":{"rendered":"ATE inaugur\u00f3 la sede de Adelia Mar\u00eda"},"content":{"rendered":"<p><em>La ciudad del sur provincial se incorpora a la estructura de representaci\u00f3n territorial de ATE en la provincia, donde los trabajadores municipales tendr\u00e1n ahora un espacio f\u00edsico para continuar organiz\u00e1ndose. El acto se celebr\u00f3 el viernes pasado con la presencia de la dirigentes provinciales y de diversas seccionales.<\/em>&nbsp;<\/p>\n<p><img loading=\"lazy\" decoding=\"async\" class=\"aligncenter size-full wp-image-11036\" src=\"http:\/\/www.atecordoba.org\/wp-content\/uploads\/2019\/04\/grupo-e1554132595438.jpg\" alt=\"\" width=\"550\" height=\"367\"><\/p>\n<p>Con la participaci\u00f3n de Liliana Salerno, secretaria General del CDP (Consejo Directivo Provincial) ATE C\u00f3rdoba, Walter \u00c1valos secretario General de ATE R\u00edo Cuarto, Rafaela Alcoba secretaria Adjunta y representantes de Villa Mar\u00eda, San Francisco, R\u00edo Cuarto, localidades de la zona y C\u00f3rdoba capital, se llev\u00f3 a cabo el pasado viernes 29 de marzo la inauguraci\u00f3n del local de ATE que en breve ser\u00e1 sede de la nueva seccional de Adelia Mar\u00eda.<\/p>\n<p>Diego Villegas trabajador municipal y flamante nuevo secretario general de Adelia Mar\u00eda fue, junto a Sebasti\u00e1n Contreras de Sampacho, los encargados de dar la bienvenida a quienes se acercaron a acompa\u00f1ar esta emotiva jornada.<img loading=\"lazy\" decoding=\"async\" class=\"size-full wp-image-11038 alignright\" src=\"http:\/\/www.atecordoba.org\/wp-content\/uploads\/2019\/04\/WhatsApp-Image-2019-04-01-at-11.47.56-e1554132873444.jpeg\" alt=\"\" width=\"350\" height=\"233\"><\/p>\n<p>&#8220;Para nosotros es muy emocionante esto, tener un nuevo lugar en el sur de C\u00f3rdoba para los estatales es muy importante para salir a construir en nuevos municipios y fortalecer los que ya tenemos. Este desaf\u00edo es hermoso transitarlo junto a tantos compa\u00f1eros&#8221;, expres\u00f3 Villegas.<\/p>\n<p>Federico Giuliani, Secretario general de CTA-A C\u00f3rdoba y secretario de acci\u00f3n pol\u00edtica del CDP,&nbsp; Silvia Alcoba&nbsp; secretaria general de CTA-A Rio Cuarto acompa\u00f1aron junto a compa\u00f1eros del Movimiento de Acci\u00f3n Popular (MAP).<\/p>\n<p>La nueva seccional de Adelia Maria, abarcar\u00e1 y defender\u00e1 los derechos de las y los trabajadores municipales de la regi\u00f3n.<\/p>\n<p>Durante el acto inaugural, los dirigentes de ATE Rio Cuarto, hicieron entrega de un cuadro memorable a los representantes de la nueva seccional, con la frase del dirigente Germ\u00e1n Abdala \u201cnuestras estructuras tienen que estar vivas, tienen que transformarse continuamente y tienen que tener una vitalidad que solamente con la transformaci\u00f3n interna y el alto protagonismo de todos los trabajadores garantizamos que sean genuinamente representativas\u201d.&nbsp;El cuadro fue colocado en la sede, ubicada en General Paz 300.<\/p>\n<p><img loading=\"lazy\" decoding=\"async\" class=\"aligncenter size-full wp-image-11037\" src=\"http:\/\/www.atecordoba.org\/wp-content\/uploads\/2019\/04\/inauguracion-local-adelia-maria-e1554132632888.jpg\" alt=\"\" width=\"550\" height=\"309\"><\/p>\n<p>\u00c1valos destac\u00f3 \u201ces un d\u00eda cargado de alegr\u00eda siempre dijimos y lo sostenemos cuando ATE llega ATE se queda\u201d. A su turno Giuliani, quien fue junto a Walter \u00c1valos pionero de recorrer el sur cordob\u00e9s, expres\u00f3: \u201ces una satisfacci\u00f3n haber puesto un granito de arena en este proceso, ver a los compa\u00f1eros asumir semejante responsabilidad, me llena de orgullo&#8221;.<\/p>\n<p>Liliana Salerno, secretaria General de C\u00f3rdoba destac\u00f3 que \u201cesta nueva seccional permite que el sur cordob\u00e9s se siga ti\u00f1endo de verde. Desde el CDP fue una apuesta fuerte que ATE crezca y acompa\u00f1amos este momento. Hoy estoy como secretaria General, como fabriquera y en representaci\u00f3n de R\u00edo Tercero. Saludamos y celebramos este momento\u201d, finaliz\u00f3.<\/p>\n","protected":false},"excerpt":{"rendered":"<p>La ciudad del sur provincial se incorpora a la estructura de representaci\u00f3n territorial de ATE en la provincia, donde los trabajadores municipales tendr\u00e1n ahora un espacio f\u00edsico para continuar organiz\u00e1ndose. El acto se celebr\u00f3 el viernes pasado con la presencia de la dirigentes provinciales y de diversas seccionales.&nbsp; Con la participaci\u00f3n de Liliana Salerno, secretaria [&hellip;]<\/p>\n","protected":false},"author":1,"featured_media":14155,"comment_status":"open","ping_status":"open","sticky":false,"template":"","format":"standard","meta":{"_exactmetrics_skip_tracking":false,"_exactmetrics_sitenote_active":false,"_exactmetrics_sitenote_note":"","_exactmetrics_sitenote_category":0,"jnews-multi-image_gallery":[],"jnews_single_post":[],"jnews_primary_category":[],"jnews_social_meta":[],"jnews_review":[],"enable_review":"","type":"","name":"","summary":"","brand":"","sku":"","good":[],"bad":[],"score_override":"","override_value":"","rating":[],"price":[],"jnews_override_counter":[],"jnews_post_split":[],"footnotes":""},"categories":[149],"tags":[],"class_list":["post-11035","post","type-post","status-publish","format-standard","has-post-thumbnail","hentry","category-adelia-maria"],"jetpack_featured_media_url":"https:\/\/atecordoba.org\/wp-content\/uploads\/2020\/05\/inauguracion-local-adelia-maria-e1554132632888.jpg","_links":{"self":[{"href":"https:\/\/atecordoba.org\/index.php?rest_route=\/wp\/v2\/posts\/11035","targetHints":{"allow":["GET"]}}],"collection":[{"href":"https:\/\/atecordoba.org\/index.php?rest_route=\/wp\/v2\/posts"}],"about":[{"href":"https:\/\/atecordoba.org\/index.php?rest_route=\/wp\/v2\/types\/post"}],"author":[{"embeddable":true,"href":"https:\/\/atecordoba.org\/index.php?rest_route=\/wp\/v2\/users\/1"}],"replies":[{"embeddable":true,"href":"https:\/\/atecordoba.org\/index.php?rest_route=%2Fwp%2Fv2%2Fcomments&post=11035"}],"version-history":[{"count":0,"href":"https:\/\/atecordoba.org\/index.php?rest_route=\/wp\/v2\/posts\/11035\/revisions"}],"wp:featuredmedia":[{"embeddable":true,"href":"https:\/\/atecordoba.org\/index.php?rest_route=\/wp\/v2\/media\/14155"}],"wp:attachment":[{"href":"https:\/\/atecordoba.org\/index.php?rest_route=%2Fwp%2Fv2%2Fmedia&parent=11035"}],"wp:term":[{"taxonomy":"category","embeddable":true,"href":"https:\/\/atecordoba.org\/index.php?rest_route=%2Fwp%2Fv2%2Fcategories&post=11035"},{"taxonomy":"post_tag","embeddable":true,"href":"https:\/\/atecordoba.org\/index.php?rest_route=%2Fwp%2Fv2%2Ftags&post=11035"}],"curies":[{"name":"wp","href":"https:\/\/api.w.org\/{rel}","templated":true}]}}