{"id":11031,"date":"2019-03-29T14:48:41","date_gmt":"2019-03-29T17:48:41","guid":{"rendered":"http:\/\/www.atecordoba.org\/?p=11031"},"modified":"2020-06-09T15:36:10","modified_gmt":"2020-06-09T18:36:10","slug":"muestra-fotografica-homenajeo-el-trabajo-de-las-mujeres","status":"publish","type":"post","link":"https:\/\/atecordoba.org\/?p=11031","title":{"rendered":"Muestra fotogr\u00e1fica homenaje\u00f3 el trabajo de las mujeres"},"content":{"rendered":"<p><em>La actividad estuvo a cargo del departamento de g\u00e9neros de ATE en el marco de las actividades realizadas por el paro internacional del 8M. El documento elaborado.<\/em><\/p>\n<p><img loading=\"lazy\" decoding=\"async\" class=\"aligncenter size-full wp-image-11032\" src=\"http:\/\/atecordoba.org\/wp-content\/uploads\/2020\/06\/FB_IMG_15537754972358984-e1553881506220.jpg\" alt=\"\" width=\"550\" height=\"413\"><\/p>\n<p>El pasado Martes&nbsp;26 de marzo, el Espacio G\u00e9neros de la Asociaci\u00f3n de Trabajadores del Estado (ATE) realiz\u00f3 la Apertura de la&nbsp;Muestra Fotogr\u00e1fica &#8220;Imprimiendo Lucha&#8221;,&nbsp;que permiti\u00f3 visibilizar las actividades desarrolladas, en el marco del&nbsp;Paro Internacional Feminista&nbsp;del&nbsp;8 de marzo&nbsp;de 2019, en los distintos \u00e1mbitos laborales que las mujeres y la diversidad sexual se encuentra.<\/p>\n<p>El inicio de la jornada cont\u00f3 la presencia de la Secretaria General, Liliana Salerno qui\u00e9n brind\u00f3 unas palabras de bienvenida a los presentes marcando la importancia del protagonismo que deben asumir las mujeres en los espacios sindicales para contribuir a la democracia y equidad dentro del gremio. En ese sentido, resalt\u00f3 las actividades que vienen realizando el Espacio G\u00e9neros dentro de ATE en la consolidaci\u00f3n del espacio y la participaci\u00f3n junto a otras asociaciones gremiales de las reivindicaciones que el movimiento de mujeres viene llevando adelante en C\u00f3rdoba y el pa\u00eds.<\/p>\n<p>Asimismo, integrantes del Espacio G\u00e9nero leyeron un documento mostrando importancia de realizar la Muestra (ver el mismo aqu\u00ed) como espacio de encuentro y visibilizaci\u00f3n del rol de las mujeres en los espacios de trabajo y se explicit\u00f3 los desaf\u00edos que tienen las mujeres en el \u00e1mbito p\u00fablico, laboral y gremial. Finalmente se invito al Primer Conversatorio&nbsp; a realizarse&nbsp;el pr\u00f3ximo el&nbsp;24 de abril&nbsp;de 2019 sobre el cap\u00edtulo 1 del libro de Rita Segato, \u201cLa guerra contra las mujeres\u201d, cuyas interesadas pueden anotarte al correo de&nbsp;genero.atecordoba@gmail.com&nbsp;y se enviar\u00e1 el material.<\/p>\n<p>La muestra fue visitada por distintas organizaciones gremiales que hicieron de la jornada un \u00e1mbito&nbsp;abierto y plural donde se debatieron sobre los&nbsp;desaf\u00edos que debe afrontar el movimiento feminista y posibles l\u00edneas de construcci\u00f3n colectiva y trasversal.<\/p>\n<p>El documento elaborado puede consultarse ingresando en el lsiguiente link&nbsp;<a href=\"http:\/\/www.atecordoba.org\/wp-content\/uploads\/2019\/03\/Documento_Departamento-de-G\u00e9nero-8M2019.pdf\">Documento_Departamento de G\u00e9nero &#8211; 8M2019<\/a><\/p>\n<p>&nbsp;<\/p>\n","protected":false},"excerpt":{"rendered":"<p>La actividad estuvo a cargo del departamento de g\u00e9neros de ATE en el marco de las actividades realizadas por el paro internacional del 8M. El documento elaborado. El pasado Martes&nbsp;26 de marzo, el Espacio G\u00e9neros de la Asociaci\u00f3n de Trabajadores del Estado (ATE) realiz\u00f3 la Apertura de la&nbsp;Muestra Fotogr\u00e1fica &#8220;Imprimiendo Lucha&#8221;,&nbsp;que permiti\u00f3 visibilizar las actividades [&hellip;]<\/p>\n","protected":false},"author":1,"featured_media":19220,"comment_status":"open","ping_status":"open","sticky":false,"template":"","format":"standard","meta":{"_exactmetrics_skip_tracking":false,"_exactmetrics_sitenote_active":false,"_exactmetrics_sitenote_note":"","_exactmetrics_sitenote_category":0,"jnews-multi-image_gallery":[],"jnews_single_post":[],"jnews_primary_category":[],"jnews_social_meta":[],"jnews_review":[],"enable_review":"","type":"","name":"","summary":"","brand":"","sku":"","good":[],"bad":[],"score_override":"","override_value":"","rating":[],"price":[],"jnews_override_counter":[],"jnews_post_split":[],"footnotes":""},"categories":[325],"tags":[],"class_list":["post-11031","post","type-post","status-publish","format-standard","has-post-thumbnail","hentry","category-generos-y-diversidades"],"jetpack_featured_media_url":"https:\/\/atecordoba.org\/wp-content\/uploads\/2020\/05\/logo-nuevochico-e1561581322808.png","_links":{"self":[{"href":"https:\/\/atecordoba.org\/index.php?rest_route=\/wp\/v2\/posts\/11031","targetHints":{"allow":["GET"]}}],"collection":[{"href":"https:\/\/atecordoba.org\/index.php?rest_route=\/wp\/v2\/posts"}],"about":[{"href":"https:\/\/atecordoba.org\/index.php?rest_route=\/wp\/v2\/types\/post"}],"author":[{"embeddable":true,"href":"https:\/\/atecordoba.org\/index.php?rest_route=\/wp\/v2\/users\/1"}],"replies":[{"embeddable":true,"href":"https:\/\/atecordoba.org\/index.php?rest_route=%2Fwp%2Fv2%2Fcomments&post=11031"}],"version-history":[{"count":1,"href":"https:\/\/atecordoba.org\/index.php?rest_route=\/wp\/v2\/posts\/11031\/revisions"}],"predecessor-version":[{"id":19918,"href":"https:\/\/atecordoba.org\/index.php?rest_route=\/wp\/v2\/posts\/11031\/revisions\/19918"}],"wp:featuredmedia":[{"embeddable":true,"href":"https:\/\/atecordoba.org\/index.php?rest_route=\/wp\/v2\/media\/19220"}],"wp:attachment":[{"href":"https:\/\/atecordoba.org\/index.php?rest_route=%2Fwp%2Fv2%2Fmedia&parent=11031"}],"wp:term":[{"taxonomy":"category","embeddable":true,"href":"https:\/\/atecordoba.org\/index.php?rest_route=%2Fwp%2Fv2%2Fcategories&post=11031"},{"taxonomy":"post_tag","embeddable":true,"href":"https:\/\/atecordoba.org\/index.php?rest_route=%2Fwp%2Fv2%2Ftags&post=11031"}],"curies":[{"name":"wp","href":"https:\/\/api.w.org\/{rel}","templated":true}]}}