{"id":11017,"date":"2019-03-28T13:26:21","date_gmt":"2019-03-28T16:26:21","guid":{"rendered":"http:\/\/www.atecordoba.org\/?p=11017"},"modified":"2019-03-28T13:26:21","modified_gmt":"2019-03-28T16:26:21","slug":"ate-rechaza-el-vaciamiento-del-inta","status":"publish","type":"post","link":"https:\/\/atecordoba.org\/?p=11017","title":{"rendered":"ATE rechaza el vaciamiento del INTA"},"content":{"rendered":"<p><em>El Consejo Directivo C\u00f3rdoba de ATE repudia y rechaza el desmantelamiento que el gobierno nacional planifica para el Instituto Nacional de Tecnolog\u00eda Agropecuaria (INTA).<\/em><\/p>\n<p><img loading=\"lazy\" decoding=\"async\" class=\"aligncenter size-full wp-image-11018\" src=\"http:\/\/www.atecordoba.org\/wp-content\/uploads\/2019\/03\/INTA-ate-e1553790316985.jpg\" alt=\"\" width=\"550\" height=\"309\"><\/p>\n<p>Desde ATE denunciamos que con la excusa de \u201cReorganizaci\u00f3n del INTA\u201d se pretende imponer el achique y el desmantelamiento del organismo de ciencia y tecnolog\u00eda agropecuaria, como continuidad del plan del gobierno nacional acordado con el FMI para la reducci\u00f3n de distintas \u00e1rea del Estado. Este proceso tiene por fin evidente la continuaci\u00f3n por cualquier medio de la bicicleta financiera, donde algunos pocos ganan millones a costa del desarrollo nacional. Como ejemplo podemos decir que el pago diario por intereses de la deuda p\u00fablica contra\u00edda por la gesti\u00f3n de Mauricio Macri equivale a un presupuesto anual de todo el organismo en cuesti\u00f3n.<\/p>\n<p>As\u00ed, el gobierno se plantea cerrar tres institutos de investigaci\u00f3n para la agricultura familiar, 25 agencias de extensi\u00f3n ubicadas dentro de Estaciones Experimentales, institutos de investigaci\u00f3n en ciencias sociales y fusionar algunas direcciones nacionales. Se plantea claramente el ajuste en el Estado que da respuesta cotidiana a la problem\u00e1tica de la agricultura familiar.<\/p>\n<p>El Consejo Directivo del INTA est\u00e1 integrado, en parte, por la Sociedad Rural Argentina, AACREA, CRA y CONNINAGRO, organizaciones gremiales que representan a terratenientes&nbsp; y el agronegocio de la Argentina.<\/p>\n<p>De esta manera el INTA se transformar\u00eda en un instituto pensado para el campo m\u00e1s concentrado, postergando a la agricultura familiar con una pol\u00edtica que ya desmembr\u00f3 una secretar\u00eda que atend\u00eda este sector de la ruralidad dentro del Ministerio de Agroindustria.<\/p>\n<p>Desde ATE estamos convencidos que tenemos que defender y promover un Estado al servicio del pueblo, y que esa es nuestra misi\u00f3n. En consecuencia vamos a defender al INTA, as\u00ed como al CONICET, Universidades Nacionales, Secretar\u00eda de Agricultura Familiar, INTI y otros organismos junto a cada uno de los compa\u00f1eros, que vienen resistiendo desde adentro, sosteniendo con sus recursos y sus cuerpos lo que el gobierno recorta arbitrariamente.<\/p>\n<p style=\"text-align: center;\">Desde ATE convocamos a toda la sociedad, a las organizaciones, a productores, a funcionarios, al Congreso, a frenar el desmantelamiento del INTA, a defender el desarrollo de Ciencia y Tecnolog\u00eda argentina y su vinculaci\u00f3n con las productoras y productores en todo el territorio nacional.<\/p>\n<p style=\"text-align: center;\"><em>NO al achique del 25% de la estructura <\/em><\/p>\n<p style=\"text-align: center;\"><em>NO al cierre de 25 agencias de extensi\u00f3n <\/em><\/p>\n<p style=\"text-align: center;\"><em>NO al cierre de los 3 institutos de investigaci\u00f3n IPAF (agricultura familiar) <\/em><\/p>\n<p style=\"text-align: center;\"><em>NO al vaciamiento <\/em><\/p>\n<p style=\"text-align: center;\"><em>NO al INTA para los negociados de unos pocos.<\/em><\/p>\n<p style=\"text-align: center;\"><strong><em>El INTA es de todos y no de las corporaciones del campo<\/em><\/strong><\/p>\n<p style=\"text-align: right;\">Liliana Salerno<\/p>\n<p style=\"text-align: right;\">Secretaria General<\/p>\n<p style=\"text-align: left;\">&nbsp;<\/p>\n","protected":false},"excerpt":{"rendered":"<p>El Consejo Directivo C\u00f3rdoba de ATE repudia y rechaza el desmantelamiento que el gobierno nacional planifica para el Instituto Nacional de Tecnolog\u00eda Agropecuaria (INTA). Desde ATE denunciamos que con la excusa de \u201cReorganizaci\u00f3n del INTA\u201d se pretende imponer el achique y el desmantelamiento del organismo de ciencia y tecnolog\u00eda agropecuaria, como continuidad del plan del [&hellip;]<\/p>\n","protected":false},"author":1,"featured_media":19220,"comment_status":"open","ping_status":"open","sticky":false,"template":"","format":"standard","meta":{"_exactmetrics_skip_tracking":false,"_exactmetrics_sitenote_active":false,"_exactmetrics_sitenote_note":"","_exactmetrics_sitenote_category":0,"jnews-multi-image_gallery":[],"jnews_single_post":[],"jnews_primary_category":[],"jnews_social_meta":[],"jnews_review":[],"enable_review":"","type":"","name":"","summary":"","brand":"","sku":"","good":[],"bad":[],"score_override":"","override_value":"","rating":[],"price":[],"jnews_override_counter":[],"jnews_post_split":[],"footnotes":""},"categories":[139],"tags":[],"class_list":["post-11017","post","type-post","status-publish","format-standard","has-post-thumbnail","hentry","category-inta"],"jetpack_featured_media_url":"https:\/\/atecordoba.org\/wp-content\/uploads\/2020\/05\/logo-nuevochico-e1561581322808.png","_links":{"self":[{"href":"https:\/\/atecordoba.org\/index.php?rest_route=\/wp\/v2\/posts\/11017","targetHints":{"allow":["GET"]}}],"collection":[{"href":"https:\/\/atecordoba.org\/index.php?rest_route=\/wp\/v2\/posts"}],"about":[{"href":"https:\/\/atecordoba.org\/index.php?rest_route=\/wp\/v2\/types\/post"}],"author":[{"embeddable":true,"href":"https:\/\/atecordoba.org\/index.php?rest_route=\/wp\/v2\/users\/1"}],"replies":[{"embeddable":true,"href":"https:\/\/atecordoba.org\/index.php?rest_route=%2Fwp%2Fv2%2Fcomments&post=11017"}],"version-history":[{"count":0,"href":"https:\/\/atecordoba.org\/index.php?rest_route=\/wp\/v2\/posts\/11017\/revisions"}],"wp:featuredmedia":[{"embeddable":true,"href":"https:\/\/atecordoba.org\/index.php?rest_route=\/wp\/v2\/media\/19220"}],"wp:attachment":[{"href":"https:\/\/atecordoba.org\/index.php?rest_route=%2Fwp%2Fv2%2Fmedia&parent=11017"}],"wp:term":[{"taxonomy":"category","embeddable":true,"href":"https:\/\/atecordoba.org\/index.php?rest_route=%2Fwp%2Fv2%2Fcategories&post=11017"},{"taxonomy":"post_tag","embeddable":true,"href":"https:\/\/atecordoba.org\/index.php?rest_route=%2Fwp%2Fv2%2Ftags&post=11017"}],"curies":[{"name":"wp","href":"https:\/\/api.w.org\/{rel}","templated":true}]}}