{"id":11016,"date":"2019-03-28T13:36:09","date_gmt":"2019-03-28T16:36:09","guid":{"rendered":"http:\/\/www.atecordoba.org\/?p=11016"},"modified":"2019-03-28T13:36:09","modified_gmt":"2019-03-28T16:36:09","slug":"ate-convoca-a-una-jornada-de-lucha-y-movilizacion-para-el-4-de-abril","status":"publish","type":"post","link":"https:\/\/atecordoba.org\/?p=11016","title":{"rendered":"ATE convoca a una jornada de lucha y movilizaci\u00f3n para el 4 de abril"},"content":{"rendered":"<p><em>Habr\u00e1 asambleas, paros y radios abiertas en cada sector de trabajo, a lo largo y ancho del pa\u00eds. En CABA, se movilizar\u00e1 a Plaza de Mayo.<\/em><\/p>\n<p><img loading=\"lazy\" decoding=\"async\" class=\"aligncenter size-full wp-image-11020\" src=\"http:\/\/www.atecordoba.org\/wp-content\/uploads\/2019\/03\/banderas-ate-y-ctaa-e1553790935682.jpg\" alt=\"\" width=\"550\" height=\"367\"><\/p>\n<p style=\"font-weight: 400;\">En l\u00ednea con las definiciones de la Comisi\u00f3n Ejecutiva Nacional de la CTA-A y a lo acordado en la reuni\u00f3n del 12 de marzo con&nbsp; el Secretario General de la UOM, ATE convoca a &nbsp;una jornada nacional de lucha y movilizaci\u00f3n para el pr\u00f3ximo 4 de abril, en defensa de un Estado democr\u00e1tico y popular basado en el trabajo, la producci\u00f3n, la soberan\u00eda y la justicia.<\/p>\n<p style=\"font-weight: 400;\">As\u00ed lo ratific\u00f3 Hugo \u201cCachorro\u201d Godoy, Secretario General de ATE Nacional: \u201cComo dijimos el 12 de marzo, en la reuni\u00f3n con la UOM, desde ATE apuntamos a profundizar las acciones para construir las condiciones para un Paro Nacional, y para fortalecer la unidad de aquellos sectores que est\u00e9n dispuestos a construir esa unidad en las calles\u201d.<\/p>\n<p style=\"font-weight: 400;\">&nbsp;Por ello, a\u00f1adi\u00f3, \u201cestaremos presentes en la marcha que ha convocado la CGT ese d\u00eda, de acuerdo a la iniciativa y lo conversado con los dirigentes de la UOM, y junto a organizaciones de las peque\u00f1as y medianas empresas, entre otros sectores\u201d.<\/p>\n<p style=\"font-weight: 400;\">Godoy asimismo adelant\u00f3 que la medida tendr\u00e1 un car\u00e1cter nacional, con asambleas, radios abiertas y paros en cada sector de trabajo y movilizaciones en todo el pa\u00eds. En la Ciudad de Buenos Aires, ATE marchar\u00e1 de Plaza Once a Plaza de Mayo.<\/p>\n<p style=\"font-weight: 400;\">\u201cEn un reclamo protagonizaran todos los trabajadores y trabajadoras de nuestra organizaci\u00f3n pero, particularmente, de aquellos sectores del Estado que son estrat\u00e9gicos para el desarrollo industrial de nuestro pa\u00eds y que est\u00e1n siendo atacados por las pol\u00edticas del Gobierno Nacional de Mauricio Macri y el FMI\u201d, expres\u00f3 el dirigente.<\/p>\n<p style=\"font-weight: 400;\">Fabricaciones Militares, las minas de R\u00edo Turbio, las plantas de energ\u00eda nuclear, de agua pesada, los talleres de producci\u00f3n y reparaci\u00f3n como Astilleros R\u00edo Santiago, el sistema de laboratorios como CITEDEF e INTI, entre otros, son \u00e1reas sistem\u00e1ticamente golpeadas por una pol\u00edtica que incluye cierres de f\u00e1bricas, paralizaci\u00f3n, despidos y vaciamiento.<\/p>\n","protected":false},"excerpt":{"rendered":"<p>Habr\u00e1 asambleas, paros y radios abiertas en cada sector de trabajo, a lo largo y ancho del pa\u00eds. En CABA, se movilizar\u00e1 a Plaza de Mayo. En l\u00ednea con las definiciones de la Comisi\u00f3n Ejecutiva Nacional de la CTA-A y a lo acordado en la reuni\u00f3n del 12 de marzo con&nbsp; el Secretario General de [&hellip;]<\/p>\n","protected":false},"author":1,"featured_media":19220,"comment_status":"open","ping_status":"open","sticky":false,"template":"","format":"standard","meta":{"_exactmetrics_skip_tracking":false,"_exactmetrics_sitenote_active":false,"_exactmetrics_sitenote_note":"","_exactmetrics_sitenote_category":0,"jnews-multi-image_gallery":[],"jnews_single_post":[],"jnews_primary_category":[],"jnews_social_meta":[],"jnews_review":[],"enable_review":"","type":"","name":"","summary":"","brand":"","sku":"","good":[],"bad":[],"score_override":"","override_value":"","rating":[],"price":[],"jnews_override_counter":[],"jnews_post_split":[],"footnotes":""},"categories":[10,21],"tags":[],"class_list":["post-11016","post","type-post","status-publish","format-standard","has-post-thumbnail","hentry","category-accion-politica","category-paro-nacional"],"jetpack_featured_media_url":"https:\/\/atecordoba.org\/wp-content\/uploads\/2020\/05\/logo-nuevochico-e1561581322808.png","_links":{"self":[{"href":"https:\/\/atecordoba.org\/index.php?rest_route=\/wp\/v2\/posts\/11016","targetHints":{"allow":["GET"]}}],"collection":[{"href":"https:\/\/atecordoba.org\/index.php?rest_route=\/wp\/v2\/posts"}],"about":[{"href":"https:\/\/atecordoba.org\/index.php?rest_route=\/wp\/v2\/types\/post"}],"author":[{"embeddable":true,"href":"https:\/\/atecordoba.org\/index.php?rest_route=\/wp\/v2\/users\/1"}],"replies":[{"embeddable":true,"href":"https:\/\/atecordoba.org\/index.php?rest_route=%2Fwp%2Fv2%2Fcomments&post=11016"}],"version-history":[{"count":0,"href":"https:\/\/atecordoba.org\/index.php?rest_route=\/wp\/v2\/posts\/11016\/revisions"}],"wp:featuredmedia":[{"embeddable":true,"href":"https:\/\/atecordoba.org\/index.php?rest_route=\/wp\/v2\/media\/19220"}],"wp:attachment":[{"href":"https:\/\/atecordoba.org\/index.php?rest_route=%2Fwp%2Fv2%2Fmedia&parent=11016"}],"wp:term":[{"taxonomy":"category","embeddable":true,"href":"https:\/\/atecordoba.org\/index.php?rest_route=%2Fwp%2Fv2%2Fcategories&post=11016"},{"taxonomy":"post_tag","embeddable":true,"href":"https:\/\/atecordoba.org\/index.php?rest_route=%2Fwp%2Fv2%2Ftags&post=11016"}],"curies":[{"name":"wp","href":"https:\/\/api.w.org\/{rel}","templated":true}]}}