{"id":11010,"date":"2019-03-25T12:53:46","date_gmt":"2019-03-25T15:53:46","guid":{"rendered":"http:\/\/www.atecordoba.org\/?p=11010"},"modified":"2020-06-09T15:36:11","modified_gmt":"2020-06-09T18:36:11","slug":"muestra-fotografica-sobre-el-paro-internacional-de-mujeres","status":"publish","type":"post","link":"https:\/\/atecordoba.org\/?p=11010","title":{"rendered":"Muestra fotogr\u00e1fica sobre el Paro Internacional de Mujeres"},"content":{"rendered":"<p><em>La actitividad refleja la gran medida de fuerza llevada a cabo el pasado 8 de Marzo&nbsp; y forma parte de una muestra itinerante. Se realizar\u00e1 ma\u00f1ana a las 17 horas en la sede de ATE C\u00f3rdoba.<\/em><\/p>\n<p><img loading=\"lazy\" decoding=\"async\" class=\"aligncenter size-full wp-image-11011\" src=\"http:\/\/atecordoba.org\/wp-content\/uploads\/2020\/06\/WhatsApp-Image-2019-03-25-at-11.26.42-1-e1553529146813.jpg\" alt=\"\" width=\"550\" height=\"344\"><\/p>\n<p>El Espacio G\u00e9neros de la Asociaci\u00f3n de Trabajadores del Estado (ATE) invita a la comunidad en general a la Apertura de la <strong>Muestra Fotogr\u00e1fica &#8220;Imprimiendo Lucha&#8221;,<\/strong>&nbsp;ser\u00e1 un recorrido fotogr\u00e1fico de las actividades desarrolladas, en el marco del&nbsp;<strong>Paro Internacional Feminista<\/strong>&nbsp;del&nbsp;8 de marzo&nbsp;de 2019, en los distintos \u00e1mbitos laborales que las mujeres y las diversas opciones de g\u00e9nero nos encontramos.<\/p>\n<p>De esta manera ATE convoca a participar en un espacio de encuentro abierto a todo el p\u00fablico, con el objetivo de visibilizar el&nbsp;protagonismo que tienen las mujeres en los lugares de trabajo, en la militancia sindical y en el espacio p\u00fablico. As\u00edmismo, nuestro gremio promueve la necesidad de pensar los desaf\u00edos que todav\u00eda se deben afrontar el movimiento feminista y que nos compromete a trabajar para avanzar en mayores niveles de igualdad en la sociedad y el mundo del trabajo.<\/p>\n<p>La Muestra &#8220;Imprimiendo Lucha&#8221; ser\u00e1 itinerante y ser\u00e1 expuesta en distintos espacios de trabajo de nivel municipal, provincial y nacional.<\/p>\n<p>La cita es ma\u00f1ana martes 26 de marzoa las 17 horas, en Entre R\u00edos 450 PB.<\/p>\n<p>&nbsp;<\/p>\n<p>Para sumarte podes ingresar a:&nbsp;<a href=\"https:\/\/www.facebook.com\/events\/ate-cdp-cordoba\/imprimiendo-lucha\/335565120646871\/\">https:\/\/www.facebook.com\/events\/ate-cdp-cordoba\/imprimiendo-lucha\/335565120646871\/<\/a><\/p>\n<p>&nbsp;<\/p>\n","protected":false},"excerpt":{"rendered":"<p>La actitividad refleja la gran medida de fuerza llevada a cabo el pasado 8 de Marzo&nbsp; y forma parte de una muestra itinerante. Se realizar\u00e1 ma\u00f1ana a las 17 horas en la sede de ATE C\u00f3rdoba. El Espacio G\u00e9neros de la Asociaci\u00f3n de Trabajadores del Estado (ATE) invita a la comunidad en general a la [&hellip;]<\/p>\n","protected":false},"author":1,"featured_media":19220,"comment_status":"open","ping_status":"open","sticky":false,"template":"","format":"standard","meta":{"_exactmetrics_skip_tracking":false,"_exactmetrics_sitenote_active":false,"_exactmetrics_sitenote_note":"","_exactmetrics_sitenote_category":0,"jnews-multi-image_gallery":[],"jnews_single_post":[],"jnews_primary_category":[],"jnews_social_meta":[],"jnews_review":[],"enable_review":"","type":"","name":"","summary":"","brand":"","sku":"","good":[],"bad":[],"score_override":"","override_value":"","rating":[],"price":[],"jnews_override_counter":[],"jnews_post_split":[],"footnotes":""},"categories":[325],"tags":[],"class_list":["post-11010","post","type-post","status-publish","format-standard","has-post-thumbnail","hentry","category-generos-y-diversidades"],"jetpack_featured_media_url":"https:\/\/atecordoba.org\/wp-content\/uploads\/2020\/05\/logo-nuevochico-e1561581322808.png","_links":{"self":[{"href":"https:\/\/atecordoba.org\/index.php?rest_route=\/wp\/v2\/posts\/11010","targetHints":{"allow":["GET"]}}],"collection":[{"href":"https:\/\/atecordoba.org\/index.php?rest_route=\/wp\/v2\/posts"}],"about":[{"href":"https:\/\/atecordoba.org\/index.php?rest_route=\/wp\/v2\/types\/post"}],"author":[{"embeddable":true,"href":"https:\/\/atecordoba.org\/index.php?rest_route=\/wp\/v2\/users\/1"}],"replies":[{"embeddable":true,"href":"https:\/\/atecordoba.org\/index.php?rest_route=%2Fwp%2Fv2%2Fcomments&post=11010"}],"version-history":[{"count":1,"href":"https:\/\/atecordoba.org\/index.php?rest_route=\/wp\/v2\/posts\/11010\/revisions"}],"predecessor-version":[{"id":19920,"href":"https:\/\/atecordoba.org\/index.php?rest_route=\/wp\/v2\/posts\/11010\/revisions\/19920"}],"wp:featuredmedia":[{"embeddable":true,"href":"https:\/\/atecordoba.org\/index.php?rest_route=\/wp\/v2\/media\/19220"}],"wp:attachment":[{"href":"https:\/\/atecordoba.org\/index.php?rest_route=%2Fwp%2Fv2%2Fmedia&parent=11010"}],"wp:term":[{"taxonomy":"category","embeddable":true,"href":"https:\/\/atecordoba.org\/index.php?rest_route=%2Fwp%2Fv2%2Fcategories&post=11010"},{"taxonomy":"post_tag","embeddable":true,"href":"https:\/\/atecordoba.org\/index.php?rest_route=%2Fwp%2Fv2%2Ftags&post=11010"}],"curies":[{"name":"wp","href":"https:\/\/api.w.org\/{rel}","templated":true}]}}