{"id":11006,"date":"2019-03-25T12:17:47","date_gmt":"2019-03-25T15:17:47","guid":{"rendered":"http:\/\/www.atecordoba.org\/?p=11006"},"modified":"2019-03-25T12:17:47","modified_gmt":"2019-03-25T15:17:47","slug":"criminalizacion-de-la-protesta-repudimos-la-condena-al-secretario-general-de-ate-mendoza","status":"publish","type":"post","link":"https:\/\/atecordoba.org\/?p=11006","title":{"rendered":"Criminalizaci\u00f3n de la protesta: repudiamos la condena al secretario general de ATE Mendoza"},"content":{"rendered":"<p><em>El compa\u00f1ero Roberto Macho result\u00f3 castigado a tres meses de prisi\u00f3n en suspenso por encabezar una protesta que cort\u00f3 la calle frente a la gobernaci\u00f3n mendocina. Se le aplic\u00f3 un c\u00f3digo de faltas provincial aprobado por iniciativa del gobernador radical Cornejo, con apoyo de la ministra de Seguridad Patricia Bullrich, que ataca el derecho a la protesta y a peticionar.<\/em><\/p>\n<p><img loading=\"lazy\" decoding=\"async\" class=\"aligncenter size-full wp-image-11007\" src=\"http:\/\/www.atecordoba.org\/wp-content\/uploads\/2019\/03\/robeto-macho-e1553527006676.jpg\" alt=\"\" width=\"550\" height=\"367\"><\/p>\n<p>El Consejo Directivo Provincial de ATE C\u00f3rdoba repudia la condena que la Justicia mendocina impuso recientemente al compa\u00f1ero secretario General de ATE Mendoza, Roberto Macho, por encabezar una protesta que cort\u00f3 la calle frente a la Casa de Gobierno.&nbsp;<\/p>\n<p>Se trata de una medida inconstitucional que apunta a acallar la protesta social y gremial, en un distrito gobernado por el presidente de la UCR nacional, y que adem\u00e1s tuvo el benepl\u00e1cito de la ministra de Seguridad, Patricia Bullrich. Todo lo cual&nbsp; configura una pat\u00e9tica muestra de la conformaci\u00f3n de Cambiemos como fuerza pol\u00edtica dirigida a perseguir y criminalizar la protesta social, casi como \u00fanico m\u00e9todo para aplicar el brutal ajuste que aplican en el pa\u00eds en general y el Estado en particular.<\/p>\n<p>Vale se\u00f1alar que la manifestaci\u00f3n que estuvo enmarcada en el primer paro nacional que ATE le realizo al gobierno de Mauricio Macri, el 24 de febrero de 2016,&nbsp;&nbsp;convocado en rechazo a &#8220;la ola de despidos, el aumento desmedido de tarifas y del costo real de la canasta alimentaria que condena a muchos trabajadores a permanecer bajo la l\u00ednea de la pobreza&#8221;.<\/p>\n<p>Ese d\u00eda, el compa\u00f1ero Macho declar\u00f3 a la prensa que la medida de fuerza tambi\u00e9n inclu\u00eda el repudio a &#8220;la criminalizaci\u00f3n de la protesta social&#8221; y exig\u00eda un salario &#8220;igual a la canasta familiar, paritarias libres y democr\u00e1ticas, 82% m\u00f3vil para todos los jubilados, cumplimiento de los acuerdos paritarios y reincorporaci\u00f3n inmediata de los compa\u00f1eros despedidos\u201d.<\/p>\n<p>Tres a\u00f1os despu\u00e9s, en el inicio de la campa\u00f1a electoral, un gobierno que defiende a rajatabla los intereses patronales apunta contra ATE Mendoza, que significa atacar a toda nuestra ATE. Por siempre hemos afirmado que si tocan a uno, tocan a todos.&nbsp;<\/p>\n<p>En tal sentido, expresamos nuestra solidaridad con el compa\u00f1ero Roberto Macho, repudiamos el ataque a nuestra organizaci\u00f3n y exigimos que instancias judiciales superiores reviertan un fallo vergonzoso que solo pretende imponer la violencia institucional desde el propio gobierno en el clima social, ya de por s\u00ed conflictivo por la crisis social y econ\u00f3mica que nos toca atravesar, producto de las pol\u00edticas que se aplican a nivel nacional y en las provincias.&nbsp;<\/p>\n<p>Roberto Macho envi\u00f3 un firme mensaje, al ratificar que \u201cvamos a seguir en las calles. Vamos a seguir luchando y marchando en defensa de los derechos de la clase trabajadora. No nos van a poder doblegar y bajo ninguna circunstancia, me voy a arrodillar ante el Gobierno de turno, como han hecho otros. Y menos, ante la Justicia, que vislumbra un nuevo atropello de los plenos derechos que tenemos los trabajadores\u201d.<\/p>\n<p style=\"text-align: right;\">Liliana Salerno<\/p>\n<p style=\"text-align: right;\">Secretaria General<\/p>\n<p style=\"text-align: right;\">ATE C\u00f3rdoba<\/p>\n<p>&nbsp;<\/p>\n","protected":false},"excerpt":{"rendered":"<p>El compa\u00f1ero Roberto Macho result\u00f3 castigado a tres meses de prisi\u00f3n en suspenso por encabezar una protesta que cort\u00f3 la calle frente a la gobernaci\u00f3n mendocina. Se le aplic\u00f3 un c\u00f3digo de faltas provincial aprobado por iniciativa del gobernador radical Cornejo, con apoyo de la ministra de Seguridad Patricia Bullrich, que ataca el derecho a [&hellip;]<\/p>\n","protected":false},"author":1,"featured_media":19220,"comment_status":"open","ping_status":"open","sticky":false,"template":"","format":"standard","meta":{"_exactmetrics_skip_tracking":false,"_exactmetrics_sitenote_active":false,"_exactmetrics_sitenote_note":"","_exactmetrics_sitenote_category":0,"jnews-multi-image_gallery":[],"jnews_single_post":[],"jnews_primary_category":[],"jnews_social_meta":[],"jnews_review":[],"enable_review":"","type":"","name":"","summary":"","brand":"","sku":"","good":[],"bad":[],"score_override":"","override_value":"","rating":[],"price":[],"jnews_override_counter":[],"jnews_post_split":[],"footnotes":""},"categories":[10],"tags":[],"class_list":["post-11006","post","type-post","status-publish","format-standard","has-post-thumbnail","hentry","category-accion-politica"],"jetpack_featured_media_url":"https:\/\/atecordoba.org\/wp-content\/uploads\/2020\/05\/logo-nuevochico-e1561581322808.png","_links":{"self":[{"href":"https:\/\/atecordoba.org\/index.php?rest_route=\/wp\/v2\/posts\/11006","targetHints":{"allow":["GET"]}}],"collection":[{"href":"https:\/\/atecordoba.org\/index.php?rest_route=\/wp\/v2\/posts"}],"about":[{"href":"https:\/\/atecordoba.org\/index.php?rest_route=\/wp\/v2\/types\/post"}],"author":[{"embeddable":true,"href":"https:\/\/atecordoba.org\/index.php?rest_route=\/wp\/v2\/users\/1"}],"replies":[{"embeddable":true,"href":"https:\/\/atecordoba.org\/index.php?rest_route=%2Fwp%2Fv2%2Fcomments&post=11006"}],"version-history":[{"count":0,"href":"https:\/\/atecordoba.org\/index.php?rest_route=\/wp\/v2\/posts\/11006\/revisions"}],"wp:featuredmedia":[{"embeddable":true,"href":"https:\/\/atecordoba.org\/index.php?rest_route=\/wp\/v2\/media\/19220"}],"wp:attachment":[{"href":"https:\/\/atecordoba.org\/index.php?rest_route=%2Fwp%2Fv2%2Fmedia&parent=11006"}],"wp:term":[{"taxonomy":"category","embeddable":true,"href":"https:\/\/atecordoba.org\/index.php?rest_route=%2Fwp%2Fv2%2Fcategories&post=11006"},{"taxonomy":"post_tag","embeddable":true,"href":"https:\/\/atecordoba.org\/index.php?rest_route=%2Fwp%2Fv2%2Ftags&post=11006"}],"curies":[{"name":"wp","href":"https:\/\/api.w.org\/{rel}","templated":true}]}}