{"id":11003,"date":"2019-03-21T15:24:02","date_gmt":"2019-03-21T18:24:02","guid":{"rendered":"http:\/\/www.atecordoba.org\/?p=11003"},"modified":"2019-03-21T15:24:02","modified_gmt":"2019-03-21T18:24:02","slug":"las-elecciones-de-ate-seran-el-7-de-agosto","status":"publish","type":"post","link":"https:\/\/atecordoba.org\/?p=11003","title":{"rendered":"Las elecciones de ATE ser\u00e1n el 7 de agosto"},"content":{"rendered":"<p><em>As\u00ed lo resolvi\u00f3 la Conducci\u00f3n Nacional con la presencia de la mayor\u00eda del secretariado nacional y de los Secretarios Generales de las provincias.<\/em><\/p>\n<p><img loading=\"lazy\" decoding=\"async\" class=\"aligncenter size-full wp-image-11004\" src=\"http:\/\/www.atecordoba.org\/wp-content\/uploads\/2019\/03\/elecciones-7-de-agosto-chica.png\" alt=\"\" width=\"550\" height=\"366\"><\/p>\n<p style=\"font-weight: 400;\">En el Hotel 27 de Junio de ATE, ubicado en el barrio de San Telmo de la Ciudad Aut\u00f3noma de Buenos Aires, se realiz\u00f3 una reuni\u00f3n de Conducci\u00f3n Nacional del gremio, con la presencia del &nbsp;secretariado nacional&nbsp; y la mayor\u00eda de los Secretarios Generales de las provincias que lo integran.<\/p>\n<p style=\"font-weight: 400;\">Estuvieron presentes los representantes de: Santa Cruz, R\u00edo Negro, Buenos Aires, La Pampa, San Luis, Mendoza, La Rioja, Catamarca, San Juan, Jujuy, C\u00f3rdoba, Santiago del Estero, Formosa, Chaco, Entre R\u00edos, Corrientes, Misiones, Tierra del Fuego y Salta.<\/p>\n<p style=\"font-weight: 400;\">Al inicio de la reuni\u00f3n, Hugo &#8220;Cachorro&#8221; Godoy, Secretario General de ATE Nacional dio el informe pol\u00edtico que fue aprobado por unanimidad. A continuaci\u00f3n, los Secretarios Generales de cada provincia dieron&nbsp; los informes pol\u00edticos de sus territorios.<\/p>\n<p style=\"font-weight: 400;\">Por voto un\u00e1nime, los presentes resolvieron:<\/p>\n<p style=\"font-weight: 400;\">-Realizar el Congreso Nacional Ordinario de ATE el d\u00eda 8 de mayo del corriente a\u00f1o en la ciudad de San Miguel de Tucum\u00e1n, en la provincia de Tucum\u00e1n. Del mismo participan el CDN y los representantes de todos los Consejos Directivos Provinciales, de seccionales, congresales nacionales y de centros de jubilados.<\/p>\n<p style=\"font-weight: 400;\">-Celebrar las elecciones de ATE el d\u00eda 7 de agosto y realizar el cierre del padr\u00f3n respectivo el 29 de marzo.<\/p>\n<p style=\"font-weight: 400;\">-Darle continuidad al plan de lucha con la marcha en &nbsp;defensa del Trabajo, la Producci\u00f3n, la Soberan\u00eda y la Justicia, tal como fue acordado con los dirigentes de la UOM y de organizaciones y asociaciones de peque\u00f1os y medianos empresarios de la Industria, el Comercio y el campo, con fecha a confirmar entre fines de marzo y el 4 de abril.&nbsp; Asimismo, se defini\u00f3 marchar e inundar las calles el pr\u00f3ximo 24 de marzo en el D\u00eda Nacional de la Memoria, por la Verdad y la Justicia.<\/p>\n<p style=\"font-weight: 400;\">De esta manera, se profundiza la actividad realizada a partir del 13 de febrero, con la masiva movilizaci\u00f3n en la que ATE acompa\u00f1o a las organizaciones sociales en el reclamo contra el ajuste, los tarifazos y por la paritaria social, en todo el pa\u00eds; que continu\u00f3 con la Jornada Nacional de Lucha y Paro Nacional del 26 de febrero junto a las organizaciones sociales y &nbsp;Fempinra, y el Paro de Mujeres y Disidencias del 8 de marzo, D\u00eda Internacional de las Mujeres Trabajadoras.<\/p>\n<p style=\"font-weight: 400;\">&#8211; Afirmar la voluntad pol\u00edtica de aprobar los pedidos de creaci\u00f3n de 22 nuevas seccionales y la transformaci\u00f3n de una seccional, previa constataci\u00f3n de que se re\u00fanen los requisitos estatutarios.<\/p>\n<p style=\"font-weight: 400;\">-Por aclamaci\u00f3n y unanimidad se aprob\u00f3 expresar la solidaridad con todas las compa\u00f1eras y compa\u00f1eros procesados, judicializados y condenados por luchar, y repudiar a los miembros del Poder Judicial que utilizan la justicia como instrumento de persecuci\u00f3n pol\u00edtica y gremial. Los presentes se expresaron, en particular, en respaldo a Roberto Macho, Secretario General de ATE Mendoza, y todos los perseguidos en Mendoza; y al dirigente sindical municipal de Neuqu\u00e9n, Santiago Banduino.<\/p>\n<p style=\"font-weight: 400;\">Por \u00faltimo, por unanimidad se aprob\u00f3 que todos firmen el acta de la reuni\u00f3n.<\/p>\n","protected":false},"excerpt":{"rendered":"<p>As\u00ed lo resolvi\u00f3 la Conducci\u00f3n Nacional con la presencia de la mayor\u00eda del secretariado nacional y de los Secretarios Generales de las provincias. En el Hotel 27 de Junio de ATE, ubicado en el barrio de San Telmo de la Ciudad Aut\u00f3noma de Buenos Aires, se realiz\u00f3 una reuni\u00f3n de Conducci\u00f3n Nacional del gremio, con [&hellip;]<\/p>\n","protected":false},"author":1,"featured_media":19220,"comment_status":"open","ping_status":"open","sticky":false,"template":"","format":"standard","meta":{"_exactmetrics_skip_tracking":false,"_exactmetrics_sitenote_active":false,"_exactmetrics_sitenote_note":"","_exactmetrics_sitenote_category":0,"jnews-multi-image_gallery":[],"jnews_single_post":[],"jnews_primary_category":[],"jnews_social_meta":[],"jnews_review":[],"enable_review":"","type":"","name":"","summary":"","brand":"","sku":"","good":[],"bad":[],"score_override":"","override_value":"","rating":[],"price":[],"jnews_override_counter":[],"jnews_post_split":[],"footnotes":""},"categories":[10],"tags":[],"class_list":["post-11003","post","type-post","status-publish","format-standard","has-post-thumbnail","hentry","category-accion-politica"],"jetpack_featured_media_url":"https:\/\/atecordoba.org\/wp-content\/uploads\/2020\/05\/logo-nuevochico-e1561581322808.png","_links":{"self":[{"href":"https:\/\/atecordoba.org\/index.php?rest_route=\/wp\/v2\/posts\/11003","targetHints":{"allow":["GET"]}}],"collection":[{"href":"https:\/\/atecordoba.org\/index.php?rest_route=\/wp\/v2\/posts"}],"about":[{"href":"https:\/\/atecordoba.org\/index.php?rest_route=\/wp\/v2\/types\/post"}],"author":[{"embeddable":true,"href":"https:\/\/atecordoba.org\/index.php?rest_route=\/wp\/v2\/users\/1"}],"replies":[{"embeddable":true,"href":"https:\/\/atecordoba.org\/index.php?rest_route=%2Fwp%2Fv2%2Fcomments&post=11003"}],"version-history":[{"count":0,"href":"https:\/\/atecordoba.org\/index.php?rest_route=\/wp\/v2\/posts\/11003\/revisions"}],"wp:featuredmedia":[{"embeddable":true,"href":"https:\/\/atecordoba.org\/index.php?rest_route=\/wp\/v2\/media\/19220"}],"wp:attachment":[{"href":"https:\/\/atecordoba.org\/index.php?rest_route=%2Fwp%2Fv2%2Fmedia&parent=11003"}],"wp:term":[{"taxonomy":"category","embeddable":true,"href":"https:\/\/atecordoba.org\/index.php?rest_route=%2Fwp%2Fv2%2Fcategories&post=11003"},{"taxonomy":"post_tag","embeddable":true,"href":"https:\/\/atecordoba.org\/index.php?rest_route=%2Fwp%2Fv2%2Ftags&post=11003"}],"curies":[{"name":"wp","href":"https:\/\/api.w.org\/{rel}","templated":true}]}}