{"id":10985,"date":"2019-03-15T12:07:11","date_gmt":"2019-03-15T15:07:11","guid":{"rendered":"http:\/\/www.atecordoba.org\/?p=10985"},"modified":"2019-03-15T12:07:11","modified_gmt":"2019-03-15T15:07:11","slug":"segun-trabajadore-as-del-incdec-el-salario-minimo-debe-ser-de-40-61430","status":"publish","type":"post","link":"https:\/\/atecordoba.org\/?p=10985","title":{"rendered":"Seg\u00fan trabajadore\/as del INDEC el salario m\u00ednimo debe ser de $ 40.614,30"},"content":{"rendered":"<p><em>Se alcanza ese monto con una canasta alimentaria m\u00ednima de $ 12.808 y otra de bienes y consumos m\u00ednimos por $ 27.806,3.<\/em><\/p>\n<p><img loading=\"lazy\" decoding=\"async\" class=\"aligncenter size-full wp-image-10986\" src=\"http:\/\/www.atecordoba.org\/wp-content\/uploads\/2019\/03\/canasta-familiar-e1552662334125.jpg\" alt=\"\" width=\"550\" height=\"365\"><\/p>\n<p>La Junta Interna de delegados de ATE-INDEC difundi\u00f3 este martes su \u00faltima estimaci\u00f3n de la Canastas de Consumos M\u00ednimos, en la que se estableci\u00f3 que ning\u00fan trabajador deber\u00eda ganar (de bolsillo) menos de $ 40.614,30.<\/p>\n<p>El c\u00e1lculo corresponde a un hogar constituido por una pareja con dos hijos menores. Se compone de una canasta alimentaria m\u00ednima por $ 12.808 y otra de bienes y consumos m\u00ednimos por $ 27.806,3. As\u00ed, estiman una Canasta de Consumos M\u00ednimos para la regi\u00f3n de Gran Buenos Aires (GBA) que alcanza a $ 40.614,30 al 31 de enero de 2019.<\/p>\n<p>Tras cierta recuperaci\u00f3n posterior a la crisis 2001\/2003 (sin que se haya nunca logrado recobrar el poder adquisitivo previo a la mega devaluaci\u00f3n), los salarios del Estado nacional han perdido la carrera contra la inflaci\u00f3n durante los \u00faltimos a\u00f1os. No obstante, bajo la gesti\u00f3n de Cambiemos, esta p\u00e9rdida de poder adquisitivo se ha acelerado y parece no tener fin. Ya lo escribimos hace un a\u00f1o y est\u00e1 m\u00e1s vigente que nunca.<\/p>\n<p>La inflaci\u00f3n es un problema que el gobierno nacional no ha podido controlar a\u00fan y que persistir\u00e1 en el 2019. Seg\u00fan las estimaciones de la mayor\u00eda de los analistas, la inflaci\u00f3n este a\u00f1o rondar\u00e1, al menos, el 30%. Dicho de otro modo, ser\u00e1 un a\u00f1o dif\u00edcil para lxs trabajadorxs, lxs jubiladxs y los sectores m\u00e1s vulnerables.<\/p>\n<p>\u201cEste es un ejercicio de estimaci\u00f3n donde se trata de utilizar informaci\u00f3n publicada y emplear metodolog\u00edas \u00fatiles para proveer las mejores aproximaciones posibles como referencia v\u00e1lida para la discusi\u00f3n salarial y otras necesidades de la sociedad\u201d, se aclara.<\/p>\n<p>A su vez, los trabajadores de la Junta Interna de ATE-INDEC informaron que los trabajadores estatales acumulan una p\u00e9rdida del 15,9% de su poder adquisitivo bajo el macrismo. Es necesaria la recomposici\u00f3n del Salario M\u00ednimo al nivel de la Canasta Familiar, y un incremento autom\u00e1tico de los salarios en funci\u00f3n de la inflaci\u00f3n mensual.<\/p>\n","protected":false},"excerpt":{"rendered":"<p>Se alcanza ese monto con una canasta alimentaria m\u00ednima de $ 12.808 y otra de bienes y consumos m\u00ednimos por $ 27.806,3. La Junta Interna de delegados de ATE-INDEC difundi\u00f3 este martes su \u00faltima estimaci\u00f3n de la Canastas de Consumos M\u00ednimos, en la que se estableci\u00f3 que ning\u00fan trabajador deber\u00eda ganar (de bolsillo) menos de [&hellip;]<\/p>\n","protected":false},"author":1,"featured_media":19220,"comment_status":"open","ping_status":"open","sticky":false,"template":"","format":"standard","meta":{"_exactmetrics_skip_tracking":false,"_exactmetrics_sitenote_active":false,"_exactmetrics_sitenote_note":"","_exactmetrics_sitenote_category":0,"jnews-multi-image_gallery":[],"jnews_single_post":[],"jnews_primary_category":[],"jnews_social_meta":[],"jnews_review":[],"enable_review":"","type":"","name":"","summary":"","brand":"","sku":"","good":[],"bad":[],"score_override":"","override_value":"","rating":[],"price":[],"jnews_override_counter":[],"jnews_post_split":[],"footnotes":""},"categories":[1],"tags":[],"class_list":["post-10985","post","type-post","status-publish","format-standard","has-post-thumbnail","hentry","category-sin-categoria"],"jetpack_featured_media_url":"https:\/\/atecordoba.org\/wp-content\/uploads\/2020\/05\/logo-nuevochico-e1561581322808.png","_links":{"self":[{"href":"https:\/\/atecordoba.org\/index.php?rest_route=\/wp\/v2\/posts\/10985","targetHints":{"allow":["GET"]}}],"collection":[{"href":"https:\/\/atecordoba.org\/index.php?rest_route=\/wp\/v2\/posts"}],"about":[{"href":"https:\/\/atecordoba.org\/index.php?rest_route=\/wp\/v2\/types\/post"}],"author":[{"embeddable":true,"href":"https:\/\/atecordoba.org\/index.php?rest_route=\/wp\/v2\/users\/1"}],"replies":[{"embeddable":true,"href":"https:\/\/atecordoba.org\/index.php?rest_route=%2Fwp%2Fv2%2Fcomments&post=10985"}],"version-history":[{"count":0,"href":"https:\/\/atecordoba.org\/index.php?rest_route=\/wp\/v2\/posts\/10985\/revisions"}],"wp:featuredmedia":[{"embeddable":true,"href":"https:\/\/atecordoba.org\/index.php?rest_route=\/wp\/v2\/media\/19220"}],"wp:attachment":[{"href":"https:\/\/atecordoba.org\/index.php?rest_route=%2Fwp%2Fv2%2Fmedia&parent=10985"}],"wp:term":[{"taxonomy":"category","embeddable":true,"href":"https:\/\/atecordoba.org\/index.php?rest_route=%2Fwp%2Fv2%2Fcategories&post=10985"},{"taxonomy":"post_tag","embeddable":true,"href":"https:\/\/atecordoba.org\/index.php?rest_route=%2Fwp%2Fv2%2Ftags&post=10985"}],"curies":[{"name":"wp","href":"https:\/\/api.w.org\/{rel}","templated":true}]}}