{"id":10982,"date":"2019-03-11T15:09:07","date_gmt":"2019-03-11T18:09:07","guid":{"rendered":"http:\/\/www.atecordoba.org\/?p=10982"},"modified":"2020-06-18T23:40:29","modified_gmt":"2020-06-19T02:40:29","slug":"la-municipalidad-de-san-francisco-reconocio-la-representacion-de-ate","status":"publish","type":"post","link":"https:\/\/atecordoba.org\/?p=10982","title":{"rendered":"La Municipalidad de San Francisco reconoci\u00f3 la representaci\u00f3n de ATE"},"content":{"rendered":"<p><em>El viernes pasado ATE obtuvo el reconocimiento como entidad gremial de la municipalidad de San Francisco, a partir de la afiliaci\u00f3n 115 trabajadores.&nbsp;<\/em><\/p>\n<p><img loading=\"lazy\" decoding=\"async\" class=\"aligncenter size-full wp-image-10983\" src=\"http:\/\/atecordoba.org\/wp-content\/uploads\/2020\/06\/eleccion-delegados-san-francisco-e1552327504641.jpg\" alt=\"\" width=\"550\" height=\"550\"><\/p>\n<p>Durante una reuni\u00f3n entre el secretario de Gobierno, Gustavo Piscitello, y el asesor letrado de la municipalidad, Ricardo Carioni, con el secretario de Acci\u00f3n Pol\u00edtica de ATE C\u00f3rdoba, Federico Giuliani, y la delegada de ATE en San Francisco, Gladys Medina, se expres\u00f3 la voluntad de la municipalidad de aceptar la representaci\u00f3n sindical para con los 115 afiliados que se desempe\u00f1an en diferentes \u00e1reas del sector.<br \/>\nPara Giuliani implica &#8220;el reconocimiento por parte de la municipalidad de nuestra organizaci\u00f3n y adem\u00e1s posibilita el aporte del afiliado al sindicato por el cual puede acceder a todos los beneficios sociales que da el gremio como en hoteler\u00eda, comercios, pr\u00e9stamos, etc. que ayudan a mejorar la calidad de vida de los compa\u00f1eros&#8221;.<br \/>\n<strong>Elecci\u00f3n de delegados<\/strong><br \/>\nPor otra parte y dentro del proceso normalizador el mismo viernes se llev\u00f3 a cabo el acto eleccionario por el cual se consagr\u00f3 el cuerpo de delegados de ATE por los pr\u00f3ximos dos a\u00f1os.<br \/>\nLos compa\u00f1eros elegidos son Gladys Medina, Jos\u00e9 Luis Reyes, Jos\u00e9 Cabrera, Gustavo Remi, Cristian Gudi\u00f1o, Mar\u00eda de las Mercedes Brochero, Juan Carlos Barrocelli y Natalia Bertola.<br \/>\nEl acto eleccionario se realiz\u00f3 en la sede de nuestro gremio, ubicada Ram\u00f3n y Cajal y De\u00e1n Funes, donde se llegaron los afiliados para emitir su voto.<br \/>\nComo nueva delegada, Medina explic\u00f3 que &#8220;a trav\u00e9s de este proceso eleccionario, quedamos constituidos como representantes de los afiliados de ATE en el municipio, porque estamos autorizados por el Ministerio de Trabajo a funcionar como tal y por ende ejercemos nuestra representatividad en distintas \u00e1reas del municipio&#8221;.<br \/>\n&#8220;La lista est\u00e1 oficializada por el Ministerio de Trabajo y contamos con todos los avales correspondientes que permiten normalizar totalmente nuestra organizaci\u00f3n gremial en la ciudad&#8221;, resumi\u00f3 al diario La Voz de San Justo.<\/p>\n","protected":false},"excerpt":{"rendered":"<p>El viernes pasado ATE obtuvo el reconocimiento como entidad gremial de la municipalidad de San Francisco, a partir de la afiliaci\u00f3n 115 trabajadores.&nbsp; Durante una reuni\u00f3n entre el secretario de Gobierno, Gustavo Piscitello, y el asesor letrado de la municipalidad, Ricardo Carioni, con el secretario de Acci\u00f3n Pol\u00edtica de ATE C\u00f3rdoba, Federico Giuliani, y la [&hellip;]<\/p>\n","protected":false},"author":1,"featured_media":19220,"comment_status":"open","ping_status":"open","sticky":false,"template":"","format":"standard","meta":{"_exactmetrics_skip_tracking":false,"_exactmetrics_sitenote_active":false,"_exactmetrics_sitenote_note":"","_exactmetrics_sitenote_category":0,"jnews-multi-image_gallery":[],"jnews_single_post":[],"jnews_primary_category":[],"jnews_social_meta":[],"jnews_review":[],"enable_review":"","type":"","name":"","summary":"","brand":"","sku":"","good":[],"bad":[],"score_override":"","override_value":"","rating":[],"price":[],"jnews_override_counter":[],"jnews_post_split":[],"footnotes":""},"categories":[20,148],"tags":[],"class_list":["post-10982","post","type-post","status-publish","format-standard","has-post-thumbnail","hentry","category-municipales","category-san-justo"],"jetpack_featured_media_url":"https:\/\/atecordoba.org\/wp-content\/uploads\/2020\/05\/logo-nuevochico-e1561581322808.png","_links":{"self":[{"href":"https:\/\/atecordoba.org\/index.php?rest_route=\/wp\/v2\/posts\/10982","targetHints":{"allow":["GET"]}}],"collection":[{"href":"https:\/\/atecordoba.org\/index.php?rest_route=\/wp\/v2\/posts"}],"about":[{"href":"https:\/\/atecordoba.org\/index.php?rest_route=\/wp\/v2\/types\/post"}],"author":[{"embeddable":true,"href":"https:\/\/atecordoba.org\/index.php?rest_route=\/wp\/v2\/users\/1"}],"replies":[{"embeddable":true,"href":"https:\/\/atecordoba.org\/index.php?rest_route=%2Fwp%2Fv2%2Fcomments&post=10982"}],"version-history":[{"count":1,"href":"https:\/\/atecordoba.org\/index.php?rest_route=\/wp\/v2\/posts\/10982\/revisions"}],"predecessor-version":[{"id":20345,"href":"https:\/\/atecordoba.org\/index.php?rest_route=\/wp\/v2\/posts\/10982\/revisions\/20345"}],"wp:featuredmedia":[{"embeddable":true,"href":"https:\/\/atecordoba.org\/index.php?rest_route=\/wp\/v2\/media\/19220"}],"wp:attachment":[{"href":"https:\/\/atecordoba.org\/index.php?rest_route=%2Fwp%2Fv2%2Fmedia&parent=10982"}],"wp:term":[{"taxonomy":"category","embeddable":true,"href":"https:\/\/atecordoba.org\/index.php?rest_route=%2Fwp%2Fv2%2Fcategories&post=10982"},{"taxonomy":"post_tag","embeddable":true,"href":"https:\/\/atecordoba.org\/index.php?rest_route=%2Fwp%2Fv2%2Ftags&post=10982"}],"curies":[{"name":"wp","href":"https:\/\/api.w.org\/{rel}","templated":true}]}}