{"id":10973,"date":"2019-03-11T13:47:44","date_gmt":"2019-03-11T16:47:44","guid":{"rendered":"http:\/\/www.atecordoba.org\/?p=10973"},"modified":"2020-06-09T15:36:12","modified_gmt":"2020-06-09T18:36:12","slug":"ate-participo-de-la-masiva-marcha-del-8m-en-cordoba","status":"publish","type":"post","link":"https:\/\/atecordoba.org\/?p=10973","title":{"rendered":"ATE particip\u00f3 de la masiva marcha del 8M en C\u00f3rdoba"},"content":{"rendered":"<p><em>Compa\u00f1eras y compa\u00f1eros marcharon junto a miles de cordobeses que pidieron el fin de los feminicidios, aborto legal y terminar con el ajuste y los despidos. Un informe sobre el Ministerio de Trabajo detalla la brecha salarial entre mujeres y varones.<\/em><\/p>\n<p><img loading=\"lazy\" decoding=\"async\" class=\"aligncenter size-full wp-image-10975\" src=\"http:\/\/atecordoba.org\/wp-content\/uploads\/2020\/06\/WhatsApp-Image-2019-03-11-at-11.38.35-e1552322330623.jpg\" alt=\"\" width=\"550\" height=\"413\"><\/p>\n<p>En el marco del Paro Internacional de Mujeres, que nuestro gremio llev\u00f3 a cabo para dar cobertura a las compa\u00f1eras que adhirieron a la medida de fuerza, ATE se moviliz\u00f3 junto a miles de mujeres que salieron a gritar por la igualdad, el feminismo, aborto legal, entre otros reclamos hist\u00f3ricos.<\/p>\n<p>Este a\u00f1o se sumaron tambi\u00e9n los reclamos para poner fin al ajuste, los despidos y el hambre que sufre la mayor\u00eda de la poblaci\u00f3n.&nbsp;<\/p>\n<p>En t\u00e9rminos laborales, un reclamo que cruz\u00f3 la problem\u00e1tica de g\u00e9nero y de \u00edndole laboral es el repudio a la precarizaci\u00f3n que sufren miles de mujeres en el Estado, situaci\u00f3n oprobiosa y llevada al absurdo atento que uno de los sectores que m\u00e1s lo sufre en la Provincia es el Polo Integral de la Mujer en Situaci\u00f3n de Violencia.<\/p>\n<p><img loading=\"lazy\" decoding=\"async\" class=\" wp-image-10976 alignright\" src=\"http:\/\/atecordoba.org\/wp-content\/uploads\/2020\/06\/WhatsApp-Image-2019-03-08-at-22.55.13-e1552322387820.jpg\" alt=\"\" width=\"369\" height=\"369\"><\/p>\n<p>En dicha repartici\u00f3n, las compa\u00f1eras se organizaron en ATE para exigir que el Ministerio de Justicia y Derechos Humanos y cambio en su situaci\u00f3n, que expresa la violencia laboral que se aplica en el Estado. Esta situaci\u00f3n no es potestad exclusiva del Estado provincial ya que se extiende de manera generalizada tanto en el Estado nacional como en los estados municipales del interior donde ATE cuenta con representaci\u00f3n sindical.&nbsp;<\/p>\n<p>La movilizaci\u00f3n se replic\u00f3 en la Ciudad de Buenos Aires -donde colm\u00f3 con cientos de miles de personas la Plaza de Mayo- as\u00ed como en los principales centros urbanos del pa\u00eds.<\/p>\n<p>En ese marco, la Secretar\u00eda de G\u00e9nero de la CTA Aut\u00f3noma anunci\u00f3 la puesta en marcha del Protocolo para la Erradicaci\u00f3n de la Violencia de G\u00e9nero y Acoso (aprobado el 27 de diciembre) para ser aplicado dentro de la Central. \u201cEsto es \u00fanico en el pa\u00eds y en Latinoam\u00e9rica y responde a que las mujeres decimos basta a pr\u00e1cticas que tambi\u00e9n est\u00e1n enquistadas en nuestras organizaciones\u201d, manifest\u00f3&nbsp; la compa\u00f1era Silvia Le\u00f3n, Secretaria de Organizaci\u00f3n de ATE Nacional y de G\u00e9nero de la CTA-A.<\/p>\n<p>Ya en la movilizaci\u00f3n, la dirigente expres\u00f3: \u201cestamos en la calle, en este paro internacional de todas las trabajadoras y disidencias sexuales. Venimos a decir nuevamente \u201cbasta\u201d a las pol\u00edticas de ajuste que oprimen a nuestro pueblo, pero particularmente a las mujeres. Por apertura de fuentes de trabajo, porque para las mujeres tener trabajo significa sostener nuestros hogares y darle de comer a nuestros hijos. Estamos en la calle como lo hicimos hoy m\u00e1s temprano frente al Congreso, con las trabajadoras de Sport Tech, para plantear que los trabajadores y las trabajadoras vamos a defender con nuestro cuerpo nuestro trabajo\u201d.<\/p>\n<p><img loading=\"lazy\" decoding=\"async\" class=\"aligncenter size-full wp-image-10978\" src=\"http:\/\/atecordoba.org\/wp-content\/uploads\/2020\/06\/polo-en-paro-8m-e1552322572725.png\" alt=\"\" width=\"550\" height=\"412\"><\/p>\n<p>&nbsp;<\/p>\n<p>Asimismo, afirm\u00f3: \u201cEl Estado macrista ha reducido los presupuestos para salud y para educaci\u00f3n, y dos ni\u00f1as menores de edad fueron sometidas a tortura porque no se aplic\u00f3 una ley (la interrupci\u00f3n legal del embarazo) que rige desde 1921. Por eso, marchamos con todas las mujeres trabajadoras feministas para que este a\u00f1o sea ley\u201d.<\/p>\n<p>Por su parte, Marta Galante, directora de G\u00e9nero de ATE Nacional, manifest\u00f3: \u201clas mujeres son las m\u00e1s afectadas por el ajuste. Las trabajadoras precarizadas no tienen derecho a la salud, a una maternidad respetada. En las mujeres estas dificultades tienen un efecto colectivo m\u00e1s fuerte, porque muchas son jefas de hogar e impactan sobre los hijos y sobre todo el grupo familiar\u201d.<\/p>\n<p><strong>Asamblea en Trabajo<\/strong><\/p>\n<p>En ese marco, las compa\u00f1eras de la Agencia Territorial C\u00f3rdoba (ATC), del Ministerio de Producci\u00f3n y Trabajo de Naci\u00f3n, realizaron una asamblea de dos horas para reflexionar sobre el d\u00eda hist\u00f3rico. En la oportunidad se abordaron estrategias para atender situaciones de acoso y violencia de g\u00e9nero en el \u00e1mbito laboral y analizar la brecha salarial entre hombres y mujeres que existe en el sector.<\/p>\n<p><img loading=\"lazy\" decoding=\"async\" class=\"aligncenter size-full wp-image-10979\" src=\"http:\/\/atecordoba.org\/wp-content\/uploads\/2020\/06\/WhatsApp-Image-2019-03-08-at-17.04.49-e1552322631353.jpg\" alt=\"\" width=\"550\" height=\"413\"><\/p>\n<p>En tal sentido, se present\u00f3 un informe que realizaron las propias compa\u00f1eras, con informaci\u00f3n respecto a las condiciones de trabajo, el nivel salarial seg\u00fan sexo y la distribuci\u00f3n de los escalafones, entre otros puntos.<img loading=\"lazy\" decoding=\"async\" class=\"size-full wp-image-10980 alignleft\" src=\"http:\/\/atecordoba.org\/wp-content\/uploads\/2020\/06\/portada-informe-atc-8m-e1552322801177.jpg\" alt=\"\" width=\"250\" height=\"170\"><\/p>\n<p>En sus conclusiones, se destaca que en la repartici\u00f3n la brecha salarial existe y es notoria.&nbsp;Si bien se observa que las mujeres representan el 62% de la plata de trabajadores, las mismas se concentran en categor\u00edas de baja remuneraci\u00f3n. Al mismo tiempo, se advierte que las mujeres se concentran en agrupamientos de menor calificaci\u00f3n y remuneraci\u00f3n que los hombres, ya que el 49% de la mujeres de la ATC se ubican en la categor\u00eda \u201cD\u201d y se observa que solo las mujeres ocupan las categor\u00edas m\u00e1s bajas como \u201cE\u201d y contrataci\u00f3n v\u00eda Monotributo (PNUD).&nbsp;Tambi\u00e9n se plasma que el 50% de los hombres se posicionan en la categor\u00eda \u201cC\u201d y ninguno se encuentra en categor\u00edas.<\/p>\n<p>&nbsp;<\/p>\n<p>El informe completo, con cuadros estad\u00edsticos, puede leerse en el siguiente link&nbsp;<a href=\"http:\/\/www.atecordoba.org\/wp-content\/uploads\/2019\/03\/8M-ATC.pdf\">8M &#8211; ATC<\/a><\/p>\n<p>&nbsp;<\/p>\n<p>&nbsp;<\/p>\n","protected":false},"excerpt":{"rendered":"<p>Compa\u00f1eras y compa\u00f1eros marcharon junto a miles de cordobeses que pidieron el fin de los feminicidios, aborto legal y terminar con el ajuste y los despidos. Un informe sobre el Ministerio de Trabajo detalla la brecha salarial entre mujeres y varones. En el marco del Paro Internacional de Mujeres, que nuestro gremio llev\u00f3 a cabo [&hellip;]<\/p>\n","protected":false},"author":1,"featured_media":19220,"comment_status":"open","ping_status":"open","sticky":false,"template":"","format":"standard","meta":{"_exactmetrics_skip_tracking":false,"_exactmetrics_sitenote_active":false,"_exactmetrics_sitenote_note":"","_exactmetrics_sitenote_category":0,"jnews-multi-image_gallery":[],"jnews_single_post":[],"jnews_primary_category":[],"jnews_social_meta":[],"jnews_review":[],"enable_review":"","type":"","name":"","summary":"","brand":"","sku":"","good":[],"bad":[],"score_override":"","override_value":"","rating":[],"price":[],"jnews_override_counter":[],"jnews_post_split":[],"footnotes":""},"categories":[325],"tags":[],"class_list":["post-10973","post","type-post","status-publish","format-standard","has-post-thumbnail","hentry","category-generos-y-diversidades"],"jetpack_featured_media_url":"https:\/\/atecordoba.org\/wp-content\/uploads\/2020\/05\/logo-nuevochico-e1561581322808.png","_links":{"self":[{"href":"https:\/\/atecordoba.org\/index.php?rest_route=\/wp\/v2\/posts\/10973","targetHints":{"allow":["GET"]}}],"collection":[{"href":"https:\/\/atecordoba.org\/index.php?rest_route=\/wp\/v2\/posts"}],"about":[{"href":"https:\/\/atecordoba.org\/index.php?rest_route=\/wp\/v2\/types\/post"}],"author":[{"embeddable":true,"href":"https:\/\/atecordoba.org\/index.php?rest_route=\/wp\/v2\/users\/1"}],"replies":[{"embeddable":true,"href":"https:\/\/atecordoba.org\/index.php?rest_route=%2Fwp%2Fv2%2Fcomments&post=10973"}],"version-history":[{"count":1,"href":"https:\/\/atecordoba.org\/index.php?rest_route=\/wp\/v2\/posts\/10973\/revisions"}],"predecessor-version":[{"id":19926,"href":"https:\/\/atecordoba.org\/index.php?rest_route=\/wp\/v2\/posts\/10973\/revisions\/19926"}],"wp:featuredmedia":[{"embeddable":true,"href":"https:\/\/atecordoba.org\/index.php?rest_route=\/wp\/v2\/media\/19220"}],"wp:attachment":[{"href":"https:\/\/atecordoba.org\/index.php?rest_route=%2Fwp%2Fv2%2Fmedia&parent=10973"}],"wp:term":[{"taxonomy":"category","embeddable":true,"href":"https:\/\/atecordoba.org\/index.php?rest_route=%2Fwp%2Fv2%2Fcategories&post=10973"},{"taxonomy":"post_tag","embeddable":true,"href":"https:\/\/atecordoba.org\/index.php?rest_route=%2Fwp%2Fv2%2Ftags&post=10973"}],"curies":[{"name":"wp","href":"https:\/\/api.w.org\/{rel}","templated":true}]}}