{"id":1097,"date":"2010-10-19T04:14:32","date_gmt":"2010-10-19T07:14:32","guid":{"rendered":"http:\/\/www.atecordoba.org\/?p=1097"},"modified":"2010-10-19T04:14:32","modified_gmt":"2010-10-19T07:14:32","slug":"municipales-reclamaron-paritarias-libertad-sindical-y-justicia-social","status":"publish","type":"post","link":"https:\/\/atecordoba.org\/?p=1097","title":{"rendered":"Municipales reclamaron paritarias, libertad sindical y justicia social"},"content":{"rendered":"<p><a href=\"http:\/\/www.atecordoba.org\/wp-content\/uploads\/2012\/07\/arton77.jpg\"><img loading=\"lazy\" decoding=\"async\" class=\"aligncenter size-full wp-image-1098\" title=\"arton77\" src=\"http:\/\/www.atecordoba.org\/wp-content\/uploads\/2012\/07\/arton77.jpg\" alt=\"\" width=\"215\" height=\"121\" \/><\/a><\/p>\n<div>\n<div dir=\"ltr\">\n<p style=\"text-align: justify;\"><strong>(C\u00f3rdoba, 19-10-2010) En el marco de un encuentro de intendentes que se realiz\u00f3 en la ciudad balenar\u00eda, una masiva movilizaci\u00f3n, compuesta por compa\u00f1eros municipales de las distintas seccionales de ATE de la provincia de Buenos Aires, se manifestaron en las puertas del Hotela Provincial.<\/strong><\/p>\n<\/div>\n<\/div>\n<div>\n<div dir=\"ltr\">\n<p style=\"text-align: justify;\">\u201cLa falta de Paritarias para los trabajadores Municipales, es claramente una falta de Libertad Sindical y de la mas elemental Justicia Social; Ya que este es un derecho concreto y objetivo. No se trata solo C\u00f3digo de Descuento a un sindicato o de otorgar los permisos gremiales a los delegados; se trata del ejercicio pleno de discutir sus salarios y sus condiciones de trabajo\u201d; expres\u00f3 el Secretario Gremial de ATE Nacional, Oscar de Isasi; acompa\u00f1ado por Claudio Ar\u00e9valo y Luis Barcena, responsable del \u00c1rea Nacional de Municipales y Secretario de Interior de ATE C\u00f3rdoba, respectivamente.<\/p>\n<p style=\"text-align: justify;\">Por su parte, el Secretario Gremial de ATE Provincia de Bs. As., Orestes Galeano, dijo: \u201cPese a que en la Ley de Convocatoria a paritarias en el Estado Nacional y Provincial se invita a adherir a este r\u00e9gimen a los Intendentes, s\u00f3lo dos municipios de la Provincia de Buenos Aires lo han hecho, lo que es igual a decir que 132 Intendentes han decidido que los derechos de los Trabajadores no merecen ser respetados\u201d.<\/p>\n<p style=\"text-align: justify;\">Desde nuestra ATE seguiremos sosteniendo nuestra pelea hasta conseguir tener salarios dignos que nos permitan cubrir todas las necesidades de nuestras familias, como as\u00ed tambi\u00e9n para que nuestros compa\u00f1eros dejen de enfermarse y accidentarse en sus puestos de trabajos.<\/p>\n<\/div>\n<\/div>\n","protected":false},"excerpt":{"rendered":"<p>(C\u00f3rdoba, 19-10-2010) En el marco de un encuentro de intendentes que se realiz\u00f3 en la ciudad balenar\u00eda, una masiva movilizaci\u00f3n, compuesta por compa\u00f1eros municipales de las distintas seccionales de ATE de la provincia de Buenos Aires, se manifestaron en las puertas del Hotela Provincial. \u201cLa falta de Paritarias para los trabajadores Municipales, es claramente una [&hellip;]<\/p>\n","protected":false},"author":1,"featured_media":19220,"comment_status":"open","ping_status":"open","sticky":false,"template":"","format":"standard","meta":{"_exactmetrics_skip_tracking":false,"_exactmetrics_sitenote_active":false,"_exactmetrics_sitenote_note":"","_exactmetrics_sitenote_category":0,"jnews-multi-image_gallery":[],"jnews_single_post":[],"jnews_primary_category":[],"jnews_social_meta":[],"jnews_review":[],"enable_review":"","type":"","name":"","summary":"","brand":"","sku":"","good":[],"bad":[],"score_override":"","override_value":"","rating":[],"price":[],"jnews_override_counter":[],"jnews_post_split":[],"footnotes":""},"categories":[18],"tags":[56,29,11],"class_list":["post-1097","post","type-post","status-publish","format-standard","has-post-thumbnail","hentry","category-nacionales","tag-mar-del-plata","tag-nacionales-2","tag-noticias-2"],"jetpack_featured_media_url":"https:\/\/atecordoba.org\/wp-content\/uploads\/2020\/05\/logo-nuevochico-e1561581322808.png","_links":{"self":[{"href":"https:\/\/atecordoba.org\/index.php?rest_route=\/wp\/v2\/posts\/1097","targetHints":{"allow":["GET"]}}],"collection":[{"href":"https:\/\/atecordoba.org\/index.php?rest_route=\/wp\/v2\/posts"}],"about":[{"href":"https:\/\/atecordoba.org\/index.php?rest_route=\/wp\/v2\/types\/post"}],"author":[{"embeddable":true,"href":"https:\/\/atecordoba.org\/index.php?rest_route=\/wp\/v2\/users\/1"}],"replies":[{"embeddable":true,"href":"https:\/\/atecordoba.org\/index.php?rest_route=%2Fwp%2Fv2%2Fcomments&post=1097"}],"version-history":[{"count":0,"href":"https:\/\/atecordoba.org\/index.php?rest_route=\/wp\/v2\/posts\/1097\/revisions"}],"wp:featuredmedia":[{"embeddable":true,"href":"https:\/\/atecordoba.org\/index.php?rest_route=\/wp\/v2\/media\/19220"}],"wp:attachment":[{"href":"https:\/\/atecordoba.org\/index.php?rest_route=%2Fwp%2Fv2%2Fmedia&parent=1097"}],"wp:term":[{"taxonomy":"category","embeddable":true,"href":"https:\/\/atecordoba.org\/index.php?rest_route=%2Fwp%2Fv2%2Fcategories&post=1097"},{"taxonomy":"post_tag","embeddable":true,"href":"https:\/\/atecordoba.org\/index.php?rest_route=%2Fwp%2Fv2%2Ftags&post=1097"}],"curies":[{"name":"wp","href":"https:\/\/api.w.org\/{rel}","templated":true}]}}