{"id":10969,"date":"2019-03-06T15:40:36","date_gmt":"2019-03-06T18:40:36","guid":{"rendered":"http:\/\/www.atecordoba.org\/?p=10969"},"modified":"2019-03-06T15:40:36","modified_gmt":"2019-03-06T18:40:36","slug":"ate-junto-a-los-docentes-en-la-defensa-del-salario","status":"publish","type":"post","link":"https:\/\/atecordoba.org\/?p=10969","title":{"rendered":"ATE junto a los docentes en la defensa del salario"},"content":{"rendered":"<p><em>Una comitiva con dirigentes del Consejo Directivo Provincial, delegados de distintos sectores y activistas de nuestro gremio particip\u00f3 de la movilizaci\u00f3n docente realizada hoy.<\/em><\/p>\n<p><img loading=\"lazy\" decoding=\"async\" class=\"aligncenter size-full wp-image-10971\" src=\"http:\/\/www.atecordoba.org\/wp-content\/uploads\/2019\/03\/marcha-uepc-e1551897186617.jpg\" alt=\"\" width=\"550\" height=\"413\"><\/p>\n<p>En el marco de los reclamos generales por mejoras salariales en el \u00e1mbito provincial, ATE acompa\u00f1\u00f3 a los compa\u00f1eros docentes que realizaron hoy el primero de los tres d\u00edas de paro previsto tanto en C\u00f3rdoba como a nivel nacional.&nbsp;<\/p>\n<p>ATE ya se expres\u00f3 la semana pasada en rechaz\u00f3 a la pauta oficial que inform\u00f3 el gobierno de C\u00f3rdoba, por insuficiente e inconsulta.&nbsp;<\/p>\n<p>En esa l\u00ednea, los dirigentes de nuestro gremio se solidarizaron con la lucha de los docentes, que en su conjunto rechazaron la exigua recomposici\u00f3n.<\/p>\n<p>Hasta el momento el gobernador Juan Schiaretti solo logr\u00f3 la firma de los gremios ultraoficialistas.&nbsp;<\/p>\n","protected":false},"excerpt":{"rendered":"<p>Una comitiva con dirigentes del Consejo Directivo Provincial, delegados de distintos sectores y activistas de nuestro gremio particip\u00f3 de la movilizaci\u00f3n docente realizada hoy. En el marco de los reclamos generales por mejoras salariales en el \u00e1mbito provincial, ATE acompa\u00f1\u00f3 a los compa\u00f1eros docentes que realizaron hoy el primero de los tres d\u00edas de paro [&hellip;]<\/p>\n","protected":false},"author":1,"featured_media":19220,"comment_status":"open","ping_status":"open","sticky":false,"template":"","format":"standard","meta":{"_exactmetrics_skip_tracking":false,"_exactmetrics_sitenote_active":false,"_exactmetrics_sitenote_note":"","_exactmetrics_sitenote_category":0,"jnews-multi-image_gallery":[],"jnews_single_post":[],"jnews_primary_category":[],"jnews_social_meta":[],"jnews_review":[],"enable_review":"","type":"","name":"","summary":"","brand":"","sku":"","good":[],"bad":[],"score_override":"","override_value":"","rating":[],"price":[],"jnews_override_counter":[],"jnews_post_split":[],"footnotes":""},"categories":[10],"tags":[],"class_list":["post-10969","post","type-post","status-publish","format-standard","has-post-thumbnail","hentry","category-accion-politica"],"jetpack_featured_media_url":"https:\/\/atecordoba.org\/wp-content\/uploads\/2020\/05\/logo-nuevochico-e1561581322808.png","_links":{"self":[{"href":"https:\/\/atecordoba.org\/index.php?rest_route=\/wp\/v2\/posts\/10969","targetHints":{"allow":["GET"]}}],"collection":[{"href":"https:\/\/atecordoba.org\/index.php?rest_route=\/wp\/v2\/posts"}],"about":[{"href":"https:\/\/atecordoba.org\/index.php?rest_route=\/wp\/v2\/types\/post"}],"author":[{"embeddable":true,"href":"https:\/\/atecordoba.org\/index.php?rest_route=\/wp\/v2\/users\/1"}],"replies":[{"embeddable":true,"href":"https:\/\/atecordoba.org\/index.php?rest_route=%2Fwp%2Fv2%2Fcomments&post=10969"}],"version-history":[{"count":0,"href":"https:\/\/atecordoba.org\/index.php?rest_route=\/wp\/v2\/posts\/10969\/revisions"}],"wp:featuredmedia":[{"embeddable":true,"href":"https:\/\/atecordoba.org\/index.php?rest_route=\/wp\/v2\/media\/19220"}],"wp:attachment":[{"href":"https:\/\/atecordoba.org\/index.php?rest_route=%2Fwp%2Fv2%2Fmedia&parent=10969"}],"wp:term":[{"taxonomy":"category","embeddable":true,"href":"https:\/\/atecordoba.org\/index.php?rest_route=%2Fwp%2Fv2%2Fcategories&post=10969"},{"taxonomy":"post_tag","embeddable":true,"href":"https:\/\/atecordoba.org\/index.php?rest_route=%2Fwp%2Fv2%2Ftags&post=10969"}],"curies":[{"name":"wp","href":"https:\/\/api.w.org\/{rel}","templated":true}]}}