{"id":10965,"date":"2019-03-06T12:50:57","date_gmt":"2019-03-06T15:50:57","guid":{"rendered":"http:\/\/www.atecordoba.org\/?p=10965"},"modified":"2020-06-09T15:36:18","modified_gmt":"2020-06-09T18:36:18","slug":"ate-convoca-al-paro-de-mujeres-el-8-de-marzo","status":"publish","type":"post","link":"https:\/\/atecordoba.org\/?p=10965","title":{"rendered":"ATE convoca al paro de mujeres el 8 de marzo"},"content":{"rendered":"<div><em>La medida de fuerza se llevar\u00e1 a cabo en todo el pa\u00eds en base a la lucha por la equiparaci\u00f3n de derechos, la igualdad salarial, por pol\u00edticas de Estado con perspectiva de g\u00e9nero y feministas y en reclamo por la legalizaci\u00f3n del aborto. Se espera una multitudinaria marcha el viernes en C\u00f3rdoba.<\/em><\/div>\n<div><img loading=\"lazy\" decoding=\"async\" class=\"aligncenter size-full wp-image-10966\" src=\"http:\/\/atecordoba.org\/wp-content\/uploads\/2020\/06\/afiche_paro_corto.png\" alt=\"\" width=\"550\" height=\"369\"><\/div>\n<div>Tal como se resolvi\u00f3 a nivel nacional, ATE llevara a cabo el viernes 8 de marzo el paro de mujeres, con movilizaci\u00f3n. La medida de fuerza tiene su correlato internacional, con marchas en las principales capitales del mundo.&nbsp;<\/div>\n<div>La concentraci\u00f3n est\u00e1 prevista para las 17 horas en la esquina de Colon y Fragueiro, conjuntamente con las organizaciones que integran&nbsp; la CTA Aut\u00f3noma.<\/div>\n<div>El objetivo es exigir el cese de los despidos e inmediata reincorporaci\u00f3n de todas las trabajadoras y trabajadores despedidos, repudiar a las pol\u00edticas de ajuste impulsadas por el gobiernos nacional, los provinciales y municipales que afectan particularmente a las mujeres trabajadoras, trabajo digno con estabilidad laboral y salarios que cubran las necesidades reales de las familias para todas las mujeres, convenios colectivos de trabajo con cl\u00e1usulas que avancen hacia la equidad de g\u00e9nero, cumplimiento de la Ley de cupo por discapacidad y&nbsp; sanci\u00f3n de la Ley Nacional de cupo trans.<\/div>\n<div><img loading=\"lazy\" decoding=\"async\" class=\"aligncenter size-full wp-image-10967\" src=\"http:\/\/atecordoba.org\/wp-content\/uploads\/2020\/06\/comunicacion-trabajo_chico.png\" alt=\"\" width=\"400\" height=\"622\"><\/div>\n<div>Adem\u00e1s, pol\u00edticas p\u00fablicas de cuidado por parte del Estado y de las patronales privadas que se hagan cargo del trabajo no remunerado a cargo de las mujeres, ampliaci\u00f3n de licencias para los diversos g\u00e9neros para el cuidado de los hijos e hijas, escuela doble jornada, cuidado de adultos mayores.<\/div>\n<div>En ese sentido,&nbsp; desde ATE se exige tambi\u00e9n la licencia por violencia de g\u00e9nero en todo el \u00e1mbito nacional, provincial y municipal, el desprocesamiento de todas\/os las\/os luchadoras\/es populares y la inmediata desmilitarizaci\u00f3n de los lugares de trabajo y de los territorios.<\/div>\n<div>Por el 82% m\u00f3vil para todas\/os las\/os jubiladas\/os,&nbsp; educaci\u00f3n sexual para decidir, anticonceptivos&nbsp; para no abortar, aborto legal para no morir, entre otros reclamos.<\/div>\n<div>En C\u00f3rdoba se suma la convocatoria de la Intersindical de Mujeres, integrada por representantes diversas organizaciones gremiales y movimientos sociales.<\/div>\n","protected":false},"excerpt":{"rendered":"<p>La medida de fuerza se llevar\u00e1 a cabo en todo el pa\u00eds en base a la lucha por la equiparaci\u00f3n de derechos, la igualdad salarial, por pol\u00edticas de Estado con perspectiva de g\u00e9nero y feministas y en reclamo por la legalizaci\u00f3n del aborto. Se espera una multitudinaria marcha el viernes en C\u00f3rdoba. Tal como se [&hellip;]<\/p>\n","protected":false},"author":1,"featured_media":19220,"comment_status":"open","ping_status":"open","sticky":false,"template":"","format":"standard","meta":{"_exactmetrics_skip_tracking":false,"_exactmetrics_sitenote_active":false,"_exactmetrics_sitenote_note":"","_exactmetrics_sitenote_category":0,"jnews-multi-image_gallery":[],"jnews_single_post":[],"jnews_primary_category":[],"jnews_social_meta":[],"jnews_review":[],"enable_review":"","type":"","name":"","summary":"","brand":"","sku":"","good":[],"bad":[],"score_override":"","override_value":"","rating":[],"price":[],"jnews_override_counter":[],"jnews_post_split":[],"footnotes":""},"categories":[325],"tags":[],"class_list":["post-10965","post","type-post","status-publish","format-standard","has-post-thumbnail","hentry","category-generos-y-diversidades"],"jetpack_featured_media_url":"https:\/\/atecordoba.org\/wp-content\/uploads\/2020\/05\/logo-nuevochico-e1561581322808.png","_links":{"self":[{"href":"https:\/\/atecordoba.org\/index.php?rest_route=\/wp\/v2\/posts\/10965","targetHints":{"allow":["GET"]}}],"collection":[{"href":"https:\/\/atecordoba.org\/index.php?rest_route=\/wp\/v2\/posts"}],"about":[{"href":"https:\/\/atecordoba.org\/index.php?rest_route=\/wp\/v2\/types\/post"}],"author":[{"embeddable":true,"href":"https:\/\/atecordoba.org\/index.php?rest_route=\/wp\/v2\/users\/1"}],"replies":[{"embeddable":true,"href":"https:\/\/atecordoba.org\/index.php?rest_route=%2Fwp%2Fv2%2Fcomments&post=10965"}],"version-history":[{"count":1,"href":"https:\/\/atecordoba.org\/index.php?rest_route=\/wp\/v2\/posts\/10965\/revisions"}],"predecessor-version":[{"id":19929,"href":"https:\/\/atecordoba.org\/index.php?rest_route=\/wp\/v2\/posts\/10965\/revisions\/19929"}],"wp:featuredmedia":[{"embeddable":true,"href":"https:\/\/atecordoba.org\/index.php?rest_route=\/wp\/v2\/media\/19220"}],"wp:attachment":[{"href":"https:\/\/atecordoba.org\/index.php?rest_route=%2Fwp%2Fv2%2Fmedia&parent=10965"}],"wp:term":[{"taxonomy":"category","embeddable":true,"href":"https:\/\/atecordoba.org\/index.php?rest_route=%2Fwp%2Fv2%2Fcategories&post=10965"},{"taxonomy":"post_tag","embeddable":true,"href":"https:\/\/atecordoba.org\/index.php?rest_route=%2Fwp%2Fv2%2Ftags&post=10965"}],"curies":[{"name":"wp","href":"https:\/\/api.w.org\/{rel}","templated":true}]}}