{"id":10963,"date":"2019-03-01T13:47:43","date_gmt":"2019-03-01T16:47:43","guid":{"rendered":"http:\/\/www.atecordoba.org\/?p=10963"},"modified":"2019-03-01T13:47:43","modified_gmt":"2019-03-01T16:47:43","slug":"ate-rechaza-por-insuficiente-la-pauta-salarial-2019-del-gobierno-provincial","status":"publish","type":"post","link":"https:\/\/atecordoba.org\/?p=10963","title":{"rendered":"ATE rechaza por insuficiente la pauta salarial 2019 del gobierno provincial"},"content":{"rendered":"<p><em>Una vez m\u00e1s ATE tom\u00f3 conocimiento por v\u00eda de la prensa del acuerdo salarial firmado entre Schiaretti y sus gremios amigos. Se trata de la mec\u00e1nica habitual al no poner en marcha la ley de paritaria de la provincia N\u00ba 8329, en una muestra de autoritarismo y falta de voluntad de di\u00e1logo con la leg\u00edtima representaci\u00f3n gremial que ATE detenta.<\/em><\/p>\n<p><img loading=\"lazy\" decoding=\"async\" class=\"aligncenter size-full wp-image-10823\" src=\"http:\/\/www.atecordoba.org\/wp-content\/uploads\/2019\/01\/logo-nuevochico.png\" alt=\"\" width=\"237\" height=\"237\"><\/p>\n<p>En tal sentido, el Consejo Directivo Provincial rechaza por totalmente insuficiente del 5% de recomposici\u00f3n salarial para los meses de enero y febrero, ya que significa una p\u00e9rdida de poder adquisitivo respecto a la inflaci\u00f3n real para esos dos meses.<\/p>\n<p>Vale se\u00f1alar que para la Defensor\u00eda del Pueblo provincial (INEDEP) la canasta total para la familia tipo lleva acumulado el 6.52% para este primer bimestre; adem\u00e1s calcul\u00f3 en 25441 pesos el ingreso necesario para no caer en la pobreza.<\/p>\n<p>En consecuencia, los 1000 pesos mensuales que se pagaran hasta enero de 2020 no alcanzan a compensar la p\u00e9rdida salarial que sufrimos en el 2018, alrededor del 11%. Tampoco les alcanza a los jubilados para recuperar la ca\u00edda del poder adquisitivo. Como pago no remunerativo desde ATE siempre rechazamos este tipo de sumas, porque no quedan reflejadas en el salario b\u00e1sico, ni en los adicionales (antig\u00fcedad, t\u00edtulo, etc.) ni en las jubilaciones.<\/p>\n<p>Con esta pol\u00edtica el gobierno provincial empuja a miles de compa\u00f1eros provinciales a sufrir la pobreza, a no llegar a fin de mes, a no poder pagar las cuentas de los tarifazos que impulsa el propio Schiaretti, al igual que su sucede con su socio pol\u00edtico Ram\u00f3n Mestre en la Municipalidad de C\u00f3rdoba, que aplica aumentos exorbitantes en el transporte y los impuestos municipales. &nbsp;<\/p>\n<p>Por todo lo expuesto, el Consejo Directivo Provincial cita a sus cuerpos org\u00e1nicos para movilizar el mi\u00e9rcoles pr\u00f3ximo a las 10 horas en la sede de Entre R\u00edos 450, para movilizar conjuntamente con las organizaciones que integran la CTA-A, por nuestro salario y en defensa de la salud y educaci\u00f3n p\u00fablica.<\/p>\n<p>Liliana Salerno<\/p>\n<p>Secretaria General<\/p>\n<p>&nbsp;<\/p>\n","protected":false},"excerpt":{"rendered":"<p>Una vez m\u00e1s ATE tom\u00f3 conocimiento por v\u00eda de la prensa del acuerdo salarial firmado entre Schiaretti y sus gremios amigos. Se trata de la mec\u00e1nica habitual al no poner en marcha la ley de paritaria de la provincia N\u00ba 8329, en una muestra de autoritarismo y falta de voluntad de di\u00e1logo con la leg\u00edtima [&hellip;]<\/p>\n","protected":false},"author":1,"featured_media":19220,"comment_status":"open","ping_status":"open","sticky":false,"template":"","format":"standard","meta":{"_exactmetrics_skip_tracking":false,"_exactmetrics_sitenote_active":false,"_exactmetrics_sitenote_note":"","_exactmetrics_sitenote_category":0,"jnews-multi-image_gallery":[],"jnews_single_post":[],"jnews_primary_category":[],"jnews_social_meta":[],"jnews_review":[],"enable_review":"","type":"","name":"","summary":"","brand":"","sku":"","good":[],"bad":[],"score_override":"","override_value":"","rating":[],"price":[],"jnews_override_counter":[],"jnews_post_split":[],"footnotes":""},"categories":[21],"tags":[],"class_list":["post-10963","post","type-post","status-publish","format-standard","has-post-thumbnail","hentry","category-paro-nacional"],"jetpack_featured_media_url":"https:\/\/atecordoba.org\/wp-content\/uploads\/2020\/05\/logo-nuevochico-e1561581322808.png","_links":{"self":[{"href":"https:\/\/atecordoba.org\/index.php?rest_route=\/wp\/v2\/posts\/10963","targetHints":{"allow":["GET"]}}],"collection":[{"href":"https:\/\/atecordoba.org\/index.php?rest_route=\/wp\/v2\/posts"}],"about":[{"href":"https:\/\/atecordoba.org\/index.php?rest_route=\/wp\/v2\/types\/post"}],"author":[{"embeddable":true,"href":"https:\/\/atecordoba.org\/index.php?rest_route=\/wp\/v2\/users\/1"}],"replies":[{"embeddable":true,"href":"https:\/\/atecordoba.org\/index.php?rest_route=%2Fwp%2Fv2%2Fcomments&post=10963"}],"version-history":[{"count":0,"href":"https:\/\/atecordoba.org\/index.php?rest_route=\/wp\/v2\/posts\/10963\/revisions"}],"wp:featuredmedia":[{"embeddable":true,"href":"https:\/\/atecordoba.org\/index.php?rest_route=\/wp\/v2\/media\/19220"}],"wp:attachment":[{"href":"https:\/\/atecordoba.org\/index.php?rest_route=%2Fwp%2Fv2%2Fmedia&parent=10963"}],"wp:term":[{"taxonomy":"category","embeddable":true,"href":"https:\/\/atecordoba.org\/index.php?rest_route=%2Fwp%2Fv2%2Fcategories&post=10963"},{"taxonomy":"post_tag","embeddable":true,"href":"https:\/\/atecordoba.org\/index.php?rest_route=%2Fwp%2Fv2%2Ftags&post=10963"}],"curies":[{"name":"wp","href":"https:\/\/api.w.org\/{rel}","templated":true}]}}