{"id":10951,"date":"2019-02-27T13:57:32","date_gmt":"2019-02-27T16:57:32","guid":{"rendered":"http:\/\/www.atecordoba.org\/?p=10951"},"modified":"2019-02-27T13:57:32","modified_gmt":"2019-02-27T16:57:32","slug":"paro-y-movilizacion-en-un-gran-bloque-de-unidad","status":"publish","type":"post","link":"https:\/\/atecordoba.org\/?p=10951","title":{"rendered":"Paro y movilizaci\u00f3n en un gran bloque de unidad"},"content":{"rendered":"<p><em>Ayer se expres\u00f3 un masivo y multitudinario paro en todo el pa\u00eds contra el ajuste, los tarifazos, por trabajo, producci\u00f3n y soberan\u00eda. Gran marcha de ATE y los movimientos sociales en CABA.<\/em><\/p>\n<div class=\"epyt-video-wrapper\"><iframe loading=\"lazy\"  style=\"display: block; margin: 0px auto;\"  id=\"_ytid_85499\"  width=\"480\" height=\"270\"  data-origwidth=\"480\" data-origheight=\"270\" src=\"https:\/\/www.youtube.com\/embed\/7DJdfX0PIEE?enablejsapi=1&#038;autoplay=0&#038;cc_load_policy=0&#038;cc_lang_pref=&#038;iv_load_policy=3&#038;loop=0&#038;rel=0&#038;fs=1&#038;playsinline=0&#038;autohide=2&#038;theme=dark&#038;color=red&#038;controls=1&#038;disablekb=0&#038;\" class=\"__youtube_prefs__  epyt-is-override  no-lazyload\" title=\"YouTube player\"  allow=\"fullscreen; accelerometer; autoplay; clipboard-write; encrypted-media; gyroscope; picture-in-picture; web-share\" referrerpolicy=\"strict-origin-when-cross-origin\" allowfullscreen data-no-lazy=\"1\" data-skipgform_ajax_framebjll=\"\"><\/iframe><\/div>\n<p style=\"font-weight: 400;\">Tras una jornada hist\u00f3rica y en una contundente demostraci\u00f3n de unidad contra el ajuste del gobierno, organizaciones sociales, sindicales y trabajadores a lo largo y ancho del pa\u00eds pararon y se movilizaron.<\/p>\n<p style=\"font-weight: 400;\">Seg\u00fan inform\u00f3 el equipo de prensa de ATE Nacional, miles de compa\u00f1eros y compa\u00f1eras se concentraron desde temprano en Capital Federal, repudiando el ajuste y los tarifazos, y reclamando por trabajo, producci\u00f3n, soberan\u00eda y para que se declare finalmente la emergencia energ\u00e9tica. (S\u00f3lo en el \u00faltimo a\u00f1o, el servicio subi\u00f3 100% y se prev\u00e9 un 50% m\u00e1s para este a\u00f1o).<\/p>\n<p><img loading=\"lazy\" decoding=\"async\" class=\"aligncenter size-full wp-image-10957\" src=\"http:\/\/www.atecordoba.org\/wp-content\/uploads\/2019\/02\/14408_10500-e1551286007948.jpg\" alt=\"\" width=\"550\" height=\"367\"><\/p>\n<p style=\"font-weight: 400;\">Cerca de las 10, la multitudinaria columna de ATE junto a la CTA-A, la CTEP, CCC, Barrios de Pie y los 32 gremios de la CGT nucleados en Fempinra partieron hacia el Enre (Ente Nacional Regulador de la Electricidad). La movilizaci\u00f3n se dirigi\u00f3 finalmente hacia el Congreso donde se encontraba montado el escenario principal.<\/p>\n<p style=\"font-weight: 400;\">\u201cEstamos profundamente orgullosos y agradecidos porque esta jornada aqu\u00ed en la Ciudad de Buenos Aires, se reproduce con movilizaciones en todo el pa\u00eds. Estamos confluyendo las organizaciones sociales, las de nuestra CTA-A y decenas de organizaciones de la CGT encabezadas por el compa\u00f1ero Schmid. Este es el bloque de los que est\u00e1bamos dispuestos a pelear<img loading=\"lazy\" decoding=\"async\" class=\"size-full wp-image-10952 alignright\" src=\"http:\/\/www.atecordoba.org\/wp-content\/uploads\/2019\/02\/14408_10502-e1551286151776.jpg\" alt=\"\" width=\"350\" height=\"233\"> para lograr derribar al neoliberalismo que quiere terminar con nuestra patria- se\u00f1al\u00f3 el Secretario General de la Asociaci\u00f3n Trabajadores del Estado Hugo \u201cCachorro\u201d Godoy-&nbsp; Este bloque lucha, se multiplica y est\u00e1 creando condiciones para que la unidad sea una fuerza que se vertebre en las calles, pero tambi\u00e9n con la capacidad de construir propuestas alternativas\u201d.<\/p>\n<p style=\"font-weight: 400;\">Godoy llam\u00f3 tambi\u00e9n a redefinir el sistema energ\u00e9tico en nuestro pa\u00eds. \u201cLas empresas trasnacionales se han apropiado de un bien de nuestro pueblo como lo es la energ\u00eda y el agua.El pueblo debe tener acceso pleno y lo vamos a defender hasta las \u00faltimas consecuencias\u201d.<\/p>\n<p style=\"font-weight: 400;\">Ricardo Peidro, secretario general de la CTA A dijo: \u201cHoy estamos las mujeres y los hombres que hemos resistido y movilizado en contra de este modelo social y econ\u00f3mico de este gobierno. Estamos los y las que queremos ir a un paro nacional, pero no lo hacemos sentados esperando que otros lo hagan, lo hacemos movilizados, organiz\u00e1ndonos en los barrios para construir el poder popular para revertir esta situaci\u00f3n\u201d.<\/p>\n<p><img loading=\"lazy\" decoding=\"async\" class=\"aligncenter size-full wp-image-10956\" src=\"http:\/\/www.atecordoba.org\/wp-content\/uploads\/2019\/02\/14408_10510-e1551286065250.jpg\" alt=\"\" width=\"550\" height=\"307\"><\/p>\n<p style=\"font-weight: 400;\">Durante el acto se les entreg\u00f3 el proyecto de reformulaci\u00f3n del sistema energ\u00e9tico a los diputados Felipe Sol\u00e1, Leonardo Grosso, Silvia Horne, Araceli Ferreyra. Tambi\u00e9n estuvo presente el juez Luis Arias.<\/p>\n<p style=\"font-weight: 400;\">En representaci\u00f3n de la CTEP, Esteban Gringo Castro detall\u00f3: \u201clas tarifas perjudican el consumo popular y el pueblo no lo puede pagar. Ni hablar de los compa\u00f1eros y compa\u00f1eras de nuestros barrios que se est\u00e1n organizando para colgarse de la Luz y <img loading=\"lazy\" decoding=\"async\" class=\"size-full wp-image-10958 alignleft\" src=\"http:\/\/www.atecordoba.org\/wp-content\/uploads\/2019\/02\/14408_10501-e1551286095891.jpg\" alt=\"\" width=\"350\" height=\"233\">que Edesur no se la venga a cortar. Vamos a construir organizaci\u00f3n popular en los barrios y vamos a seguir siempre en la calle\u201d.<\/p>\n<p style=\"font-weight: 400;\">\u201cHay condiciones para parar el pa\u00eds. La protesta no puede solamente ser demanda a la dirigencia sindical porque los tarifazos afectan a toda la sociedad. Este es nuestro lado, el de los trabajadores, el de los que sufren, el de los que no tienen el pan para llevar a su familia\u201d, asegur\u00f3 Juan Carlos Schmid, quien encabeza la Federaci\u00f3n Mar\u00edtima Portuaria y de La Industria Naval de La Rep\u00fablica Argentina.<\/p>\n<p style=\"font-weight: 400;\">\u201cNo le hemos dado tregua al gobierno de turno, seremos los mismos que seguiremos en las calles para hacer aprobar ese paquete que defiende los interesas populares, el que entregamos en este Congreso al terminar la marcha federal el 1 de junio. Nuestro lugar para que esas leyes se aprueben es la calle\u201d, subray\u00f3 Freddy Mari\u00f1o de la Corriente Clasista y Combativa.<\/p>\n<p><img loading=\"lazy\" decoding=\"async\" class=\"aligncenter size-full wp-image-10954\" src=\"http:\/\/www.atecordoba.org\/wp-content\/uploads\/2019\/02\/14408_10505-e1551286533866.jpg\" alt=\"\" width=\"550\" height=\"367\"><\/p>\n<p style=\"font-weight: 400;\">La Coordinadora de Barrios de Pie de la Provincia de Buenos Aires, Norma Morales se\u00f1al\u00f3: \u201cc\u00f3mo no vamos a estar ac\u00e1 si nos afectan tanto con los tarifazos. Carolina Stanley plantea el ajuste en los planes sociales, y nosotras no se lo vamos a permitir. Reclamamos adem\u00e1s el tratamiento de los proyectos de ley que presentamos el a\u00f1o pasado, que redactamos nosotros y nosotras mismas con la realidad que vivimos todos los d\u00edas. Las mujeres no estamos s\u00f3lo para parar la olla, trabajamos con el pico y la pala para mejorar nuestros barrios, conducimos colectivos, coordinamos nuestras organizaciones\u201d.<\/p>\n<p><img loading=\"lazy\" decoding=\"async\" class=\"aligncenter size-full wp-image-10953\" src=\"http:\/\/www.atecordoba.org\/wp-content\/uploads\/2019\/02\/14408_10503-e1551286572380.jpg\" alt=\"\" width=\"550\" height=\"367\"><\/p>\n<p style=\"font-weight: 400;\">Sobre el final del acto, Claudia Baigorria, secretaria general adjunta de la Conaduh y secretaria general adjunta de la CTA-A se\u00f1al\u00f3 que los sindicatos universitarios ir\u00e1n al paro en unidad con todos los niveles de la educaci\u00f3n el 5 y 6 de marzo: \u201cvamos a repetir esas marchas y movilizaciones del a\u00f1o pasado cuando fuimos una verdadera marea con las compa\u00f1eras por el aborto legal, cuando fuimos marea universitaria bajo la lluvia y cuando fuimos marea sanitaria. Vamos a seguir construyendo esas mareas, como lo estamos haciendo con las compa\u00f1eras y compa\u00f1eras que caminamos al paro nacional de mujeres trabajadoras el 8 de marzo\u201d.<\/p>\n","protected":false},"excerpt":{"rendered":"<p>Ayer se expres\u00f3 un masivo y multitudinario paro en todo el pa\u00eds contra el ajuste, los tarifazos, por trabajo, producci\u00f3n y soberan\u00eda. Gran marcha de ATE y los movimientos sociales en CABA. Tras una jornada hist\u00f3rica y en una contundente demostraci\u00f3n de unidad contra el ajuste del gobierno, organizaciones sociales, sindicales y trabajadores a lo [&hellip;]<\/p>\n","protected":false},"author":1,"featured_media":19220,"comment_status":"open","ping_status":"open","sticky":false,"template":"","format":"standard","meta":{"_exactmetrics_skip_tracking":false,"_exactmetrics_sitenote_active":false,"_exactmetrics_sitenote_note":"","_exactmetrics_sitenote_category":0,"jnews-multi-image_gallery":[],"jnews_single_post":[],"jnews_primary_category":[],"jnews_social_meta":[],"jnews_review":[],"enable_review":"","type":"","name":"","summary":"","brand":"","sku":"","good":[],"bad":[],"score_override":"","override_value":"","rating":[],"price":[],"jnews_override_counter":[],"jnews_post_split":[],"footnotes":""},"categories":[21],"tags":[],"class_list":["post-10951","post","type-post","status-publish","format-standard","has-post-thumbnail","hentry","category-paro-nacional"],"jetpack_featured_media_url":"https:\/\/atecordoba.org\/wp-content\/uploads\/2020\/05\/logo-nuevochico-e1561581322808.png","_links":{"self":[{"href":"https:\/\/atecordoba.org\/index.php?rest_route=\/wp\/v2\/posts\/10951","targetHints":{"allow":["GET"]}}],"collection":[{"href":"https:\/\/atecordoba.org\/index.php?rest_route=\/wp\/v2\/posts"}],"about":[{"href":"https:\/\/atecordoba.org\/index.php?rest_route=\/wp\/v2\/types\/post"}],"author":[{"embeddable":true,"href":"https:\/\/atecordoba.org\/index.php?rest_route=\/wp\/v2\/users\/1"}],"replies":[{"embeddable":true,"href":"https:\/\/atecordoba.org\/index.php?rest_route=%2Fwp%2Fv2%2Fcomments&post=10951"}],"version-history":[{"count":0,"href":"https:\/\/atecordoba.org\/index.php?rest_route=\/wp\/v2\/posts\/10951\/revisions"}],"wp:featuredmedia":[{"embeddable":true,"href":"https:\/\/atecordoba.org\/index.php?rest_route=\/wp\/v2\/media\/19220"}],"wp:attachment":[{"href":"https:\/\/atecordoba.org\/index.php?rest_route=%2Fwp%2Fv2%2Fmedia&parent=10951"}],"wp:term":[{"taxonomy":"category","embeddable":true,"href":"https:\/\/atecordoba.org\/index.php?rest_route=%2Fwp%2Fv2%2Fcategories&post=10951"},{"taxonomy":"post_tag","embeddable":true,"href":"https:\/\/atecordoba.org\/index.php?rest_route=%2Fwp%2Fv2%2Ftags&post=10951"}],"curies":[{"name":"wp","href":"https:\/\/api.w.org\/{rel}","templated":true}]}}