{"id":1095,"date":"2010-10-20T04:12:00","date_gmt":"2010-10-20T07:12:00","guid":{"rendered":"http:\/\/www.atecordoba.org\/?p=1095"},"modified":"2010-10-20T04:12:00","modified_gmt":"2010-10-20T07:12:00","slug":"paro-nacional-en-repudio-al-asesinato-perpetrado-por-la-patota-de-la-union-ferroviaria","status":"publish","type":"post","link":"https:\/\/atecordoba.org\/?p=1095","title":{"rendered":"Paro nacional en repudio al asesinato perpetrado por la patota de la Uni\u00f3n Ferroviaria"},"content":{"rendered":"<div>\n<div dir=\"ltr\">\n<p style=\"text-align: justify;\"><strong>(c\u00f3rdoba, 20-10-2010) ATE C\u00f3rdoba repudia el asesinato del joven militante del Partido Obrero Mariano Ferreira, de 23 a\u00f1os, en momentos en que se encontraba, junto a otros compa\u00f1eros, protestando en cercan\u00edas a la estaci\u00f3n de trenes de Avellaneda de la L\u00ednea Roca, perpetrado por una patota sindical, relacionada con la dirigencia de la Uni\u00f3n Ferroviaria, que atac\u00f3 con armas de fuego la movilizaci\u00f3n. Una mujer de 60 a\u00f1os se encuentra interna en un hospital, en grav\u00edsimo estado, como resultado de la agresi\u00f3n. Los manifestantes reclamaban el pase a planta de trabajadores subcontratados y denunciaron no contar con el apoyo del gremio para hacer valer sus derechos. En consecuencia, ma\u00f1ana a partir de las 0 horas ATE realizar\u00e1 un paro nacional para exigir que se termine con estas pr\u00e1cticas mafiosas y exigir que la justicia establezca claramente a los responsables del brutal crimen.<\/strong><\/p>\n<\/div>\n<\/div>\n<div>\n<div dir=\"ltr\">\n<p style=\"text-align: justify;\">Desde ATE exigimos que la justicia establezca qui\u00e9nes son los autores del infame crimen. Al mismo tiempo, denunciamos que estas situaciones son el resultado de la falta de aplicaci\u00f3n por parte del gobierno nacional de la democracia sindical en nuestro pa\u00eds, medida que ya cuenta con el aval de la Corte Suprema de Justicia de la Naci\u00f3n y las permanentes recomendaciones de la Organizaci\u00f3n Internacional del Trabajo.<\/p>\n<p style=\"text-align: justify;\">As\u00ed, mientras los trabajadores ven cercenado su derecho constitucional a la libre agremiaci\u00f3n, las patotas mafiosas de la burocracia sindical, enquistadas en el movimiento obrero, pretenden encuadrar con una violencia brutal a quienes no se sienten representados. Al mismo tiempo, estas patotas act\u00faan como meros mercenarios de las empresas, garantiz\u00e1ndoles la defensa de los intereses patronales, en contra de la leg\u00edtima lucha de los trabajadores.<\/p>\n<p style=\"text-align: justify;\">De la misma manera actu\u00f3 una patota del gremio camionero en el conflicto de los trabajadores de la empresa Brinks en C\u00f3rdoba, ante el despido de los trabajadores por parte de la firma, respaldando a la patronal y agrediendo a los compa\u00f1eros del Sindicato de Recaudadores y Custodios de Valores y Afines de C\u00f3rdoba (Sirecuva-CTA) que se manifestaban en el lugar.<\/p>\n<p style=\"text-align: justify;\">Desde ATE enviamos nuestras condolencias a la familia de Ferreira y de las dem\u00e1s v\u00edctimas de ataque, a la vez que nos comprometemos a continuar luchando para que la democracia se instale finalmente en el seno del movimiento obrero.<\/p>\n<p style=\"text-align: justify;\">Mar\u00eda Teresa Romero<\/p>\n<p style=\"text-align: justify;\">Secretaria General<\/p>\n<p style=\"text-align: justify;\">ATE C\u00f3rdoba<\/p>\n<\/div>\n<\/div>\n","protected":false},"excerpt":{"rendered":"<p>(c\u00f3rdoba, 20-10-2010) ATE C\u00f3rdoba repudia el asesinato del joven militante del Partido Obrero Mariano Ferreira, de 23 a\u00f1os, en momentos en que se encontraba, junto a otros compa\u00f1eros, protestando en cercan\u00edas a la estaci\u00f3n de trenes de Avellaneda de la L\u00ednea Roca, perpetrado por una patota sindical, relacionada con la dirigencia de la Uni\u00f3n Ferroviaria, [&hellip;]<\/p>\n","protected":false},"author":1,"featured_media":19220,"comment_status":"open","ping_status":"open","sticky":false,"template":"","format":"standard","meta":{"_exactmetrics_skip_tracking":false,"_exactmetrics_sitenote_active":false,"_exactmetrics_sitenote_note":"","_exactmetrics_sitenote_category":0,"jnews-multi-image_gallery":[],"jnews_single_post":[],"jnews_primary_category":[],"jnews_social_meta":[],"jnews_review":[],"enable_review":"","type":"","name":"","summary":"","brand":"","sku":"","good":[],"bad":[],"score_override":"","override_value":"","rating":[],"price":[],"jnews_override_counter":[],"jnews_post_split":[],"footnotes":""},"categories":[8],"tags":[11,32,31],"class_list":["post-1095","post","type-post","status-publish","format-standard","has-post-thumbnail","hentry","category-provinciales","tag-noticias-2","tag-paro","tag-provinciales-2"],"jetpack_featured_media_url":"https:\/\/atecordoba.org\/wp-content\/uploads\/2020\/05\/logo-nuevochico-e1561581322808.png","_links":{"self":[{"href":"https:\/\/atecordoba.org\/index.php?rest_route=\/wp\/v2\/posts\/1095","targetHints":{"allow":["GET"]}}],"collection":[{"href":"https:\/\/atecordoba.org\/index.php?rest_route=\/wp\/v2\/posts"}],"about":[{"href":"https:\/\/atecordoba.org\/index.php?rest_route=\/wp\/v2\/types\/post"}],"author":[{"embeddable":true,"href":"https:\/\/atecordoba.org\/index.php?rest_route=\/wp\/v2\/users\/1"}],"replies":[{"embeddable":true,"href":"https:\/\/atecordoba.org\/index.php?rest_route=%2Fwp%2Fv2%2Fcomments&post=1095"}],"version-history":[{"count":0,"href":"https:\/\/atecordoba.org\/index.php?rest_route=\/wp\/v2\/posts\/1095\/revisions"}],"wp:featuredmedia":[{"embeddable":true,"href":"https:\/\/atecordoba.org\/index.php?rest_route=\/wp\/v2\/media\/19220"}],"wp:attachment":[{"href":"https:\/\/atecordoba.org\/index.php?rest_route=%2Fwp%2Fv2%2Fmedia&parent=1095"}],"wp:term":[{"taxonomy":"category","embeddable":true,"href":"https:\/\/atecordoba.org\/index.php?rest_route=%2Fwp%2Fv2%2Fcategories&post=1095"},{"taxonomy":"post_tag","embeddable":true,"href":"https:\/\/atecordoba.org\/index.php?rest_route=%2Fwp%2Fv2%2Ftags&post=1095"}],"curies":[{"name":"wp","href":"https:\/\/api.w.org\/{rel}","templated":true}]}}