{"id":10941,"date":"2019-02-25T14:57:35","date_gmt":"2019-02-25T17:57:35","guid":{"rendered":"http:\/\/www.atecordoba.org\/?p=10941"},"modified":"2019-02-25T14:57:35","modified_gmt":"2019-02-25T17:57:35","slug":"paro-nacional-de-ate-manana-movilizamos-por-nuestros-salarios","status":"publish","type":"post","link":"https:\/\/atecordoba.org\/?p=10941","title":{"rendered":"Paro nacional de ATE: ma\u00f1ana movilizamos por nuestros salarios"},"content":{"rendered":"<p><em>El Consejo Directivo Provincial de ATE llevar\u00e1 a cabo ma\u00f1ana una marcha por las calles de C\u00f3rdoba en el marco de la medida de fuerza resuelta por nuestra conducci\u00f3n nacional y la Jornada de Protesta que convoca la CTA Aut\u00f3noma.<\/em><\/p>\n<p><img loading=\"lazy\" decoding=\"async\" class=\"aligncenter size-full wp-image-10786\" src=\"http:\/\/www.atecordoba.org\/wp-content\/uploads\/2019\/01\/49900058_230152257903917_8786713118576214016_n-e1546970448559.jpg\" alt=\"\" width=\"550\" height=\"324\"><\/p>\n<p>&nbsp;<\/p>\n<p>Los estatales nacionales, provinciales y municipales de todo el pa\u00eds vamos al paro en rechazo a la pol\u00edtica econ\u00f3mica que nos hambrea y a la p\u00e9rdida de derechos de la clase trabajadora. Convocamos a realizar abandono de tareas a las 9 horas y concentrar en nuestra sede, Entre R\u00edos 450, a las 10 horas y posterior movilizaci\u00f3n.<\/p>\n<p>Puntualmente, la medida de fuerza se realiza en rechazo a los despidos en los diversos organismos nacionales, por la inmediata reincorporaci\u00f3n de los trabajadores cesanteados y por la reactivaci\u00f3n de los sectores y plantas productivas donde el ajuste macrista impone la paralizaci\u00f3n de las actividades, la quita de derechos y la privatizaci\u00f3n de servicios.<\/p>\n<p>Asimismo, nos movilizamos contra la precarizaci\u00f3n laboral y en contra de cualquier maniobra para imponer una reforma laboral que cercene los derechos de los trabajadores.<\/p>\n<p>Consideramos que es fundamental dar una se\u00f1al clara en defensa del sistema previsional p\u00fablico, solidario y de reparto. En esa l\u00ednea, desde ATE venimos expres\u00e1ndonos contra el vaciamiento de la Anses y el Fondo de Garant\u00eda de Sustentabilidad (FGS), que el gobierno de Macri utiliza para cubrir gastos comunes. Por salarios dignos para nuestros jubilados nacionales y en defensa de la Caja de Jubilaciones de la Provincia.<\/p>\n<p>Tambi\u00e9n denunciamos que la provincia s\u00f3lo se presta a una mesa salarial con sus socios de siempre. En tal sentido, exigimos al gobernador Schiaretti una paritaria 2019 que se ajuste a la legalidad, con la participaci\u00f3n gremial leg\u00edtima y representativa de los provinciales, donde los trabajadores podamos discutir la recuperaci\u00f3n del salario en base a la p\u00e9rdida de poder adquisitivo real que venimos sufriendo en los \u00faltimos a\u00f1os, sin compromisos pol\u00edticos ni partidarios que pongan freno a las leg\u00edtimas aspiraciones de sueldos dignos.<\/p>\n<p>Finalmente, repudiamos los constantes tarifazos, y los aumentos de los impuestos y tasas que nos roban el sueldo de los bolsillos para enriquecer a empresarios socios del poder y para financiar las campa\u00f1as pol\u00edticas de este a\u00f1o, mientras &nbsp;se empobrece a\u00fan m\u00e1s a la clase trabajadora.<\/p>\n<p style=\"text-align: right;\">Liliana Salerno<\/p>\n<p style=\"text-align: right;\">Secretaria General de ATE<\/p>\n","protected":false},"excerpt":{"rendered":"<p>El Consejo Directivo Provincial de ATE llevar\u00e1 a cabo ma\u00f1ana una marcha por las calles de C\u00f3rdoba en el marco de la medida de fuerza resuelta por nuestra conducci\u00f3n nacional y la Jornada de Protesta que convoca la CTA Aut\u00f3noma. &nbsp; Los estatales nacionales, provinciales y municipales de todo el pa\u00eds vamos al paro en [&hellip;]<\/p>\n","protected":false},"author":1,"featured_media":19220,"comment_status":"open","ping_status":"open","sticky":false,"template":"","format":"standard","meta":{"_exactmetrics_skip_tracking":false,"_exactmetrics_sitenote_active":false,"_exactmetrics_sitenote_note":"","_exactmetrics_sitenote_category":0,"jnews-multi-image_gallery":[],"jnews_single_post":[],"jnews_primary_category":[],"jnews_social_meta":[],"jnews_review":[],"enable_review":"","type":"","name":"","summary":"","brand":"","sku":"","good":[],"bad":[],"score_override":"","override_value":"","rating":[],"price":[],"jnews_override_counter":[],"jnews_post_split":[],"footnotes":""},"categories":[21],"tags":[],"class_list":["post-10941","post","type-post","status-publish","format-standard","has-post-thumbnail","hentry","category-paro-nacional"],"jetpack_featured_media_url":"https:\/\/atecordoba.org\/wp-content\/uploads\/2020\/05\/logo-nuevochico-e1561581322808.png","_links":{"self":[{"href":"https:\/\/atecordoba.org\/index.php?rest_route=\/wp\/v2\/posts\/10941","targetHints":{"allow":["GET"]}}],"collection":[{"href":"https:\/\/atecordoba.org\/index.php?rest_route=\/wp\/v2\/posts"}],"about":[{"href":"https:\/\/atecordoba.org\/index.php?rest_route=\/wp\/v2\/types\/post"}],"author":[{"embeddable":true,"href":"https:\/\/atecordoba.org\/index.php?rest_route=\/wp\/v2\/users\/1"}],"replies":[{"embeddable":true,"href":"https:\/\/atecordoba.org\/index.php?rest_route=%2Fwp%2Fv2%2Fcomments&post=10941"}],"version-history":[{"count":0,"href":"https:\/\/atecordoba.org\/index.php?rest_route=\/wp\/v2\/posts\/10941\/revisions"}],"wp:featuredmedia":[{"embeddable":true,"href":"https:\/\/atecordoba.org\/index.php?rest_route=\/wp\/v2\/media\/19220"}],"wp:attachment":[{"href":"https:\/\/atecordoba.org\/index.php?rest_route=%2Fwp%2Fv2%2Fmedia&parent=10941"}],"wp:term":[{"taxonomy":"category","embeddable":true,"href":"https:\/\/atecordoba.org\/index.php?rest_route=%2Fwp%2Fv2%2Fcategories&post=10941"},{"taxonomy":"post_tag","embeddable":true,"href":"https:\/\/atecordoba.org\/index.php?rest_route=%2Fwp%2Fv2%2Ftags&post=10941"}],"curies":[{"name":"wp","href":"https:\/\/api.w.org\/{rel}","templated":true}]}}