{"id":10938,"date":"2019-02-22T13:35:40","date_gmt":"2019-02-22T16:35:40","guid":{"rendered":"http:\/\/www.atecordoba.org\/?p=10938"},"modified":"2019-02-22T13:35:40","modified_gmt":"2019-02-22T16:35:40","slug":"26f-jornada-nacional-de-lucha-contra-los-tarifazos","status":"publish","type":"post","link":"https:\/\/atecordoba.org\/?p=10938","title":{"rendered":"26F: Jornada Nacional de Lucha contra los tarifazos"},"content":{"rendered":"<p class=\"copete\"><em>Las conducciones nacionales de ATE y la CTA-A anunciaron ayer, junto a un gran n\u00famero de organizaciones, las medidas a tomar el pr\u00f3ximo martes.<\/em><\/p>\n<p><img loading=\"lazy\" decoding=\"async\" class=\"aligncenter size-full wp-image-10939\" src=\"http:\/\/www.atecordoba.org\/wp-content\/uploads\/2019\/02\/conf-prensa-paro-26f-e1550853112557.jpg\" alt=\"\" width=\"550\" height=\"365\"><\/p>\n<p style=\"font-weight: 400;\">ATE y la CTA-A, junto a otras organizaciones sociales y sindicales como la CTEP, la CCC, Barrios de Pie y 37 gremios del sector de la CGT que lidera Juan Carlos Schmidt, as\u00ed como todos los sectores en lucha, llevaron adelante hoy una conferencia de prensa en la sede de la Federaci\u00f3n Portuaria, Mar\u00edtima y de la Industria Naval (FEMPINRA) para brindar detalles sobre la Jornada Nacional de Lucha prevista para el martes 26 de febrero contra los tarifazos y el ajuste.<\/p>\n<p style=\"font-weight: 400;\">En C\u00f3rdoba, el Consejo Directivo Provincial resolvi\u00f3 hacer abandono de tareas a las 9 horas, para concentrar a las 10 en nuestra sede, para movilizar posteriormente por las calles del centro.<\/p>\n<p style=\"font-weight: 400;\">Durante la conferencia de prensa, el Secretario General de la CTA-A, Ricardo Peidro, anunci\u00f3: \u201cHemos definido, para este martes 26 de febrero, una Jornada Nacional de Lucha con Paros y Movilizaciones. Esta medida tendr\u00e1 expresi\u00f3n en Capital Federal y el Gran Buenos Aires, pero tambi\u00e9n en todo el territorio nacional. El c\u00f3ctel explosivo de la ca\u00edda del poder adquisitivo del salario, los tarifazos, las suspensiones, la precarizaci\u00f3n laboral y los despidos, sumados a la creciente represi\u00f3n de los compa\u00f1eros y compa\u00f1eras en los barrios y en los lugares de trabajo, debe obtener una respuesta de unidad y acci\u00f3n del campo popular como el que llevaremos a cabo el 26 de febrero\u201d.<\/p>\n<p style=\"font-weight: 400;\">Hugo \u2018Cachorro\u2019 Godoy, Secretario General de ATE y Secretario Adjunto de la CTA-A, manifest\u00f3: \u201cEl pasado 13 de febrero inundamos de compa\u00f1eros y compa\u00f1eras la Av. 9 de Julio y las plazas de todo el pa\u00eds con el reclamo de que se aprueben los proyectos de ley que nuestras organizaciones presentaron en la Marcha Federal del a\u00f1o pasado y que todav\u00eda est\u00e1n pendientes. Luego se tom\u00f3 la decisi\u00f3n de darle continuidad a este plan de lucha para generar condiciones para que en la Argentina haya un Paro Nacional Activo que exprese el rechazo a estas pol\u00edticas econ\u00f3micas y sociales del Gobierno de Macri que agobian al pueblo argentino\u201d.<\/p>\n<div class=\"epyt-video-wrapper\"><iframe loading=\"lazy\"  style=\"display: block; margin: 0px auto;\"  id=\"_ytid_59925\"  width=\"480\" height=\"270\"  data-origwidth=\"480\" data-origheight=\"270\" src=\"https:\/\/www.youtube.com\/embed\/l0vSubgOqSQ?enablejsapi=1&#038;autoplay=0&#038;cc_load_policy=0&#038;cc_lang_pref=&#038;iv_load_policy=3&#038;loop=0&#038;rel=0&#038;fs=1&#038;playsinline=0&#038;autohide=2&#038;theme=dark&#038;color=red&#038;controls=1&#038;disablekb=0&#038;\" class=\"__youtube_prefs__  epyt-is-override  no-lazyload\" title=\"YouTube player\"  allow=\"fullscreen; accelerometer; autoplay; clipboard-write; encrypted-media; gyroscope; picture-in-picture; web-share\" referrerpolicy=\"strict-origin-when-cross-origin\" allowfullscreen data-no-lazy=\"1\" data-skipgform_ajax_framebjll=\"\"><\/iframe><\/div>\n<p style=\"font-weight: 400;\">Godoy luego enumer\u00f3: \u201cEntendemos que el paso a dar en esta oportunidad tiene que ver con unificar los distintos reclamos sectoriales con el reclamo de frenar los tarifazos. Es por eso que salimos a caminar para convocar a otras organizaciones hermanas: Hemos podido reunirnos con empresarios de PyMEs, reunidos en la ENAC y otras entidades; as\u00ed como con la Confederaci\u00f3n Argentina de Clubes; con las Asambleas Ciudadanas de la Ciudad de Buenos Aires, que han presentado un proyecto en la Legislatura porte\u00f1a para que se declare la emergencia tarifaria; tambi\u00e9n con los compa\u00f1eros del SiPreBA, que ayer fueron brutalmente reprimidos; con los compa\u00f1eros de la UTT, que forma parte de la CTEP y que en d\u00edas pasados tambi\u00e9n fueron reprimidos en Constituci\u00f3n; tambi\u00e9n los compa\u00f1eros de la Federaci\u00f3n Aceitera\u201d.<\/p>\n<p style=\"font-weight: 400;\">\u201cAdem\u00e1s de frenar los tarifazos, hay que abrir un debate para que se modifique el sistema energ\u00e9tico de nuestro pa\u00eds, que est\u00e1 vigente desde los a\u00f1os \u201990 y que est\u00e1 en manos de las empresas transnacionales en vez de estar en manos del Estado argentino. Necesitamos reconstruir el control del Estado Nacional, con participaci\u00f3n de la ciudadan\u00eda y de los trabajadores, para que el sistema energ\u00e9tico deje de ser una fuente de riquezas para un grupo de empresas transnacionales y vuelva a ser un sistema que garantice el acceso a la energ\u00eda y al agua a nuestro pueblo, porque ambos recursos son Derechos Humanos fundamentales\u201d, agreg\u00f3 \u2018Cachorro\u2019 Godoy.<\/p>\n<p style=\"font-weight: 400;\">Por su parte, Juan Carlos Schmid dijo: \u201cNo vamos a permanecer cruzados de brazos mientras exista la imperiosa necesidad de que al malestar social lo pongamos en la calle. Hay que dejar de masticar las broncas adentro de la casa y llevar la protesta a la calle. Esta conferencia de prensa es para ratificar esto que venimos haciendo desde el a\u00f1o pasado con los compa\u00f1eros de ATE y de las diversas organizaciones populares, para reafirmar nuestra convicci\u00f3n de que la salida a la crisis que tiene el pa\u00eds est\u00e1 en abandonar definitivamente este programa econ\u00f3mico, que s\u00f3lo nos lleva al abismo social\u201d.<\/p>\n<p style=\"font-weight: 400;\">Finalmente, Esteban \u2018Gringo\u2019 Castro, de la CTEP, dijo: \u201cYa sabemos c\u00f3mo termina el monopolio privado de empresas estrat\u00e9gicas: Hacen un mont\u00f3n de plata que termina en fuga de capitales. Para nosotros es fundamental acompa\u00f1ar esta iniciativa de los compa\u00f1eros que est\u00e1n en los sindicatos formales, as\u00ed como es fundamental el acuerdo con la Peque\u00f1a y Mediana Industria y los sectores de la producci\u00f3n agraria para encarar esta discusi\u00f3n. Cuando hay tarifas altas cae la producci\u00f3n, si no hay producci\u00f3n no hay trabajo, y si no hay trabajo formal, el sector que nosotros representamos tambi\u00e9n cae. Es estrat\u00e9gico que discutamos el tema de las tarifas y que est\u00e9n en manos del Estado\u201d.<\/p>\n","protected":false},"excerpt":{"rendered":"<p>Las conducciones nacionales de ATE y la CTA-A anunciaron ayer, junto a un gran n\u00famero de organizaciones, las medidas a tomar el pr\u00f3ximo martes. ATE y la CTA-A, junto a otras organizaciones sociales y sindicales como la CTEP, la CCC, Barrios de Pie y 37 gremios del sector de la CGT que lidera Juan Carlos [&hellip;]<\/p>\n","protected":false},"author":1,"featured_media":19220,"comment_status":"open","ping_status":"open","sticky":false,"template":"","format":"standard","meta":{"_exactmetrics_skip_tracking":false,"_exactmetrics_sitenote_active":false,"_exactmetrics_sitenote_note":"","_exactmetrics_sitenote_category":0,"jnews-multi-image_gallery":[],"jnews_single_post":[],"jnews_primary_category":[],"jnews_social_meta":[],"jnews_review":[],"enable_review":"","type":"","name":"","summary":"","brand":"","sku":"","good":[],"bad":[],"score_override":"","override_value":"","rating":[],"price":[],"jnews_override_counter":[],"jnews_post_split":[],"footnotes":""},"categories":[21],"tags":[],"class_list":["post-10938","post","type-post","status-publish","format-standard","has-post-thumbnail","hentry","category-paro-nacional"],"jetpack_featured_media_url":"https:\/\/atecordoba.org\/wp-content\/uploads\/2020\/05\/logo-nuevochico-e1561581322808.png","_links":{"self":[{"href":"https:\/\/atecordoba.org\/index.php?rest_route=\/wp\/v2\/posts\/10938","targetHints":{"allow":["GET"]}}],"collection":[{"href":"https:\/\/atecordoba.org\/index.php?rest_route=\/wp\/v2\/posts"}],"about":[{"href":"https:\/\/atecordoba.org\/index.php?rest_route=\/wp\/v2\/types\/post"}],"author":[{"embeddable":true,"href":"https:\/\/atecordoba.org\/index.php?rest_route=\/wp\/v2\/users\/1"}],"replies":[{"embeddable":true,"href":"https:\/\/atecordoba.org\/index.php?rest_route=%2Fwp%2Fv2%2Fcomments&post=10938"}],"version-history":[{"count":0,"href":"https:\/\/atecordoba.org\/index.php?rest_route=\/wp\/v2\/posts\/10938\/revisions"}],"wp:featuredmedia":[{"embeddable":true,"href":"https:\/\/atecordoba.org\/index.php?rest_route=\/wp\/v2\/media\/19220"}],"wp:attachment":[{"href":"https:\/\/atecordoba.org\/index.php?rest_route=%2Fwp%2Fv2%2Fmedia&parent=10938"}],"wp:term":[{"taxonomy":"category","embeddable":true,"href":"https:\/\/atecordoba.org\/index.php?rest_route=%2Fwp%2Fv2%2Fcategories&post=10938"},{"taxonomy":"post_tag","embeddable":true,"href":"https:\/\/atecordoba.org\/index.php?rest_route=%2Fwp%2Fv2%2Ftags&post=10938"}],"curies":[{"name":"wp","href":"https:\/\/api.w.org\/{rel}","templated":true}]}}