{"id":10934,"date":"2019-02-21T16:38:19","date_gmt":"2019-02-21T19:38:19","guid":{"rendered":"http:\/\/www.atecordoba.org\/?p=10934"},"modified":"2019-02-21T16:38:19","modified_gmt":"2019-02-21T19:38:19","slug":"ordenan-reincorporar-dos-despedidos-del-inti","status":"publish","type":"post","link":"https:\/\/atecordoba.org\/?p=10934","title":{"rendered":"Ordenan reincorporar dos despedidos del INTI"},"content":{"rendered":"<p><em>La justicia dio la raz\u00f3n a ATE y dict\u00f3 dos amparos que ordenan al gobierno reponer en sus puestos de trabajo a dos compa\u00f1eros de la delegaci\u00f3n cordobesa del Instituto Nacional de Tecnolog\u00eda Industrial. Fueron cesanteados a pesar de contar con tutela gremial. <\/em><\/p>\n<p><img loading=\"lazy\" decoding=\"async\" class=\"aligncenter size-full wp-image-10936\" src=\"http:\/\/www.atecordoba.org\/wp-content\/uploads\/2019\/02\/WhatsApp-Image-2018-01-31-at-13.04.31-e1550777857282.jpeg\" alt=\"\" width=\"550\" height=\"310\"><\/p>\n<p>Se trata de Gerardo Tribi\u00f1o y Juan Nicastro, trabajadores del INTI despedidos el 31 de enero del a\u00f1o pasado en el marco de la ola de ajustes que la administraci\u00f3n macrista est\u00e1 imponiendo sobre el Estado. El INTI es uno de los organismos m\u00e1s castigados con despidos, cesant\u00edas, persecuciones y discriminaci\u00f3n por actividad sindical en ATE.<\/p>\n<p>En tal sentido, dos magistrados distintos dictaron sendos amparos que ordenan su reinstalaci\u00f3n en sus puestos de trabajo, atento a que estos compa\u00f1eros contaban con tutela sindical, como resultado de que fueron candidatos a delegados por ATE en su repartici\u00f3n.<\/p>\n<p>Inmediatamente conocidos los despidos, desde nuestro gremio denunciamos que se trataba de una medida arbitraria y fuera de la ley. Por ello el equipo jur\u00eddico de ATE se dispuso a realizar las presentaciones correspondientes, sobre las que hay sobrada experiencia debido a que el gobierno de Cambiemos a cometido muchos despidos de igual car\u00e1cter, donde posteriormente tuvo que dar marcha atr\u00e1s.<\/p>\n<p>\u201cEs importante hacer una reflexi\u00f3n en torno a c\u00f3mo est\u00e1 despidiendo este gobierno a los trabajadores de forma indiscriminada, sin tomar en consideraci\u00f3n la normativa protectoria vigente sobre la actividad gremial\u201d, dijo la abogada de ATE, Mar\u00eda Terragno, letrada que llev\u00f3 adelante las actuaciones que culminaron con la reincorporaci\u00f3n de los compa\u00f1eros.<\/p>\n<p>La situaci\u00f3n que afronta, con un ajuste brutal que incluye a cientos de despidos en todo el pa\u00eds, el INTI va de la mano con la falta de pol\u00edtica industrial que busca destruir el entramado productivo nacional.<\/p>\n<p>En ese marco, la reincorporaci\u00f3n de dos despedidos del organismo da cuenta que el camino de la resistencia y la lucha es el correcto para revertir los despidos y derrotar el ajuste.<\/p>\n","protected":false},"excerpt":{"rendered":"<p>La justicia dio la raz\u00f3n a ATE y dict\u00f3 dos amparos que ordenan al gobierno reponer en sus puestos de trabajo a dos compa\u00f1eros de la delegaci\u00f3n cordobesa del Instituto Nacional de Tecnolog\u00eda Industrial. Fueron cesanteados a pesar de contar con tutela gremial. Se trata de Gerardo Tribi\u00f1o y Juan Nicastro, trabajadores del INTI despedidos [&hellip;]<\/p>\n","protected":false},"author":1,"featured_media":19220,"comment_status":"open","ping_status":"open","sticky":false,"template":"","format":"standard","meta":{"_exactmetrics_skip_tracking":false,"_exactmetrics_sitenote_active":false,"_exactmetrics_sitenote_note":"","_exactmetrics_sitenote_category":0,"jnews-multi-image_gallery":[],"jnews_single_post":[],"jnews_primary_category":[],"jnews_social_meta":[],"jnews_review":[],"enable_review":"","type":"","name":"","summary":"","brand":"","sku":"","good":[],"bad":[],"score_override":"","override_value":"","rating":[],"price":[],"jnews_override_counter":[],"jnews_post_split":[],"footnotes":""},"categories":[100],"tags":[],"class_list":["post-10934","post","type-post","status-publish","format-standard","has-post-thumbnail","hentry","category-inti"],"jetpack_featured_media_url":"https:\/\/atecordoba.org\/wp-content\/uploads\/2020\/05\/logo-nuevochico-e1561581322808.png","_links":{"self":[{"href":"https:\/\/atecordoba.org\/index.php?rest_route=\/wp\/v2\/posts\/10934","targetHints":{"allow":["GET"]}}],"collection":[{"href":"https:\/\/atecordoba.org\/index.php?rest_route=\/wp\/v2\/posts"}],"about":[{"href":"https:\/\/atecordoba.org\/index.php?rest_route=\/wp\/v2\/types\/post"}],"author":[{"embeddable":true,"href":"https:\/\/atecordoba.org\/index.php?rest_route=\/wp\/v2\/users\/1"}],"replies":[{"embeddable":true,"href":"https:\/\/atecordoba.org\/index.php?rest_route=%2Fwp%2Fv2%2Fcomments&post=10934"}],"version-history":[{"count":0,"href":"https:\/\/atecordoba.org\/index.php?rest_route=\/wp\/v2\/posts\/10934\/revisions"}],"wp:featuredmedia":[{"embeddable":true,"href":"https:\/\/atecordoba.org\/index.php?rest_route=\/wp\/v2\/media\/19220"}],"wp:attachment":[{"href":"https:\/\/atecordoba.org\/index.php?rest_route=%2Fwp%2Fv2%2Fmedia&parent=10934"}],"wp:term":[{"taxonomy":"category","embeddable":true,"href":"https:\/\/atecordoba.org\/index.php?rest_route=%2Fwp%2Fv2%2Fcategories&post=10934"},{"taxonomy":"post_tag","embeddable":true,"href":"https:\/\/atecordoba.org\/index.php?rest_route=%2Fwp%2Fv2%2Ftags&post=10934"}],"curies":[{"name":"wp","href":"https:\/\/api.w.org\/{rel}","templated":true}]}}